{"id":17021,"date":"2024-10-20T21:16:00","date_gmt":"2024-10-20T19:16:00","guid":{"rendered":"https:\/\/supernils.be\/?p=17021"},"modified":"2026-03-03T11:11:27","modified_gmt":"2026-03-03T10:11:27","slug":"education-ennui","status":"publish","type":"post","link":"https:\/\/supernils.be\/fr\/2024\/10\/20\/educatie-verveling\/","title":{"rendered":"010 \u2013 L'\u00e9ducation contre l'ennui"},"content":{"rendered":"<div data-elementor-type=\"wp-post\" data-elementor-id=\"17021\" class=\"elementor elementor-17021\" data-elementor-post-type=\"post\">\n\t\t\t\t<div class=\"elementor-element elementor-element-d6dd18f e-flex e-con-boxed e-con e-parent\" data-id=\"d6dd18f\" data-element_type=\"container\" data-e-type=\"container\">\n\t\t\t\t\t<div class=\"e-con-inner\">\n\t\t\t\t<div class=\"elementor-element elementor-element-753daee elementor-widget elementor-widget-spacer\" data-id=\"753daee\" data-element_type=\"widget\" data-e-type=\"widget\" data-widget_type=\"spacer.default\">\n\t\t\t\t<div class=\"elementor-widget-container\">\n\t\t\t\t\t\t\t<div class=\"elementor-spacer\">\n\t\t\t<div class=\"elementor-spacer-inner\"><\/div>\n\t\t<\/div>\n\t\t\t\t\t\t<\/div>\n\t\t\t\t<\/div>\n\t\t\t\t\t<\/div>\n\t\t\t\t<\/div>\n\t\t<div class=\"elementor-element elementor-element-4a810905 e-con-full e-flex e-con e-parent\" data-id=\"4a810905\" data-element_type=\"container\" data-e-type=\"container\" data-settings=\"{&quot;background_background&quot;:&quot;classic&quot;,&quot;shape_divider_top&quot;:&quot;waves&quot;,&quot;shape_divider_bottom&quot;:&quot;waves&quot;}\">\n\t\t\t\t<div class=\"elementor-shape elementor-shape-top\" aria-hidden=\"true\" data-negative=\"false\">\n\t\t\t<svg xmlns=\"http:\/\/www.w3.org\/2000\/svg\" viewbox=\"0 0 1000 100\" preserveaspectratio=\"none\">\n\t<path class=\"elementor-shape-fill\" d=\"M421.9,6.5c22.6-2.5,51.5,0.4,75.5,5.3c23.6,4.9,70.9,23.5,100.5,35.7c75.8,32.2,133.7,44.5,192.6,49.7\tc23.6,2.1,48.7,3.5,103.4-2.5c54.7-6,106.2-25.6,106.2-25.6V0H0v30.3c0,0,72,32.6,158.4,30.5c39.2-0.7,92.8-6.7,134-22.4\tc21.2-8.1,52.2-18.2,79.7-24.2C399.3,7.9,411.6,7.5,421.9,6.5z\"\/>\n<\/svg>\t\t<\/div>\n\t\t\t\t<div class=\"elementor-shape elementor-shape-bottom\" aria-hidden=\"true\" data-negative=\"false\">\n\t\t\t<svg xmlns=\"http:\/\/www.w3.org\/2000\/svg\" viewbox=\"0 0 1000 100\" preserveaspectratio=\"none\">\n\t<path class=\"elementor-shape-fill\" d=\"M421.9,6.5c22.6-2.5,51.5,0.4,75.5,5.3c23.6,4.9,70.9,23.5,100.5,35.7c75.8,32.2,133.7,44.5,192.6,49.7\tc23.6,2.1,48.7,3.5,103.4-2.5c54.7-6,106.2-25.6,106.2-25.6V0H0v30.3c0,0,72,32.6,158.4,30.5c39.2-0.7,92.8-6.7,134-22.4\tc21.2-8.1,52.2-18.2,79.7-24.2C399.3,7.9,411.6,7.5,421.9,6.5z\"\/>\n<\/svg>\t\t<\/div>\n\t\t\t\t<div class=\"elementor-element elementor-element-4b2c4a8 animated-slow elementor-invisible elementor-widget elementor-widget-heading\" data-id=\"4b2c4a8\" data-element_type=\"widget\" data-e-type=\"widget\" data-settings=\"{&quot;_animation&quot;:&quot;slideInUp&quot;}\" data-widget_type=\"heading.default\">\n\t\t\t\t<div class=\"elementor-widget-container\">\n\t\t\t\t\t<h2 class=\"elementor-heading-title elementor-size-default\">Engager les esprits<br>\n\"Transformer l'ennui en brillance\".<\/h2>\t\t\t\t<\/div>\n\t\t\t\t<\/div>\n\t\t\t\t<div class=\"elementor-element elementor-element-5b4bd48 animated-slow elementor-widget elementor-widget-heading\" data-id=\"5b4bd48\" data-element_type=\"widget\" data-e-type=\"widget\" data-settings=\"{&quot;_animation&quot;:&quot;none&quot;}\" data-widget_type=\"heading.default\">\n\t\t\t\t<div class=\"elementor-widget-container\">\n\t\t\t\t\t<h2 class=\"elementor-heading-title elementor-size-default\">Mobilisez votre esprit et transformez l'ennui en g\u00e9nie<\/h2>\t\t\t\t<\/div>\n\t\t\t\t<\/div>\n\t\t\t\t<\/div>\n\t\t<div class=\"elementor-element elementor-element-5378aed e-flex e-con-boxed e-con e-parent\" data-id=\"5378aed\" data-element_type=\"container\" data-e-type=\"container\">\n\t\t\t\t\t<div class=\"e-con-inner\">\n\t\t\t\t<div class=\"elementor-element elementor-element-6dd6234 elementor-widget elementor-widget-spacer\" data-id=\"6dd6234\" data-element_type=\"widget\" data-e-type=\"widget\" data-widget_type=\"spacer.default\">\n\t\t\t\t<div class=\"elementor-widget-container\">\n\t\t\t\t\t\t\t<div class=\"elementor-spacer\">\n\t\t\t<div class=\"elementor-spacer-inner\"><\/div>\n\t\t<\/div>\n\t\t\t\t\t\t<\/div>\n\t\t\t\t<\/div>\n\t\t\t\t\t<\/div>\n\t\t\t\t<\/div>\n\t\t<div class=\"elementor-element elementor-element-78534c6f e-flex e-con-boxed e-con e-parent\" data-id=\"78534c6f\" data-element_type=\"container\" data-e-type=\"container\" data-settings=\"{&quot;background_background&quot;:&quot;classic&quot;,&quot;shape_divider_top&quot;:&quot;waves&quot;,&quot;shape_divider_bottom&quot;:&quot;waves&quot;}\">\n\t\t\t\t\t<div class=\"e-con-inner\">\n\t\t\t\t<div class=\"elementor-shape elementor-shape-top\" aria-hidden=\"true\" data-negative=\"false\">\n\t\t\t<svg xmlns=\"http:\/\/www.w3.org\/2000\/svg\" viewbox=\"0 0 1000 100\" preserveaspectratio=\"none\">\n\t<path class=\"elementor-shape-fill\" d=\"M421.9,6.5c22.6-2.5,51.5,0.4,75.5,5.3c23.6,4.9,70.9,23.5,100.5,35.7c75.8,32.2,133.7,44.5,192.6,49.7\tc23.6,2.1,48.7,3.5,103.4-2.5c54.7-6,106.2-25.6,106.2-25.6V0H0v30.3c0,0,72,32.6,158.4,30.5c39.2-0.7,92.8-6.7,134-22.4\tc21.2-8.1,52.2-18.2,79.7-24.2C399.3,7.9,411.6,7.5,421.9,6.5z\"\/>\n<\/svg>\t\t<\/div>\n\t\t\t\t<div class=\"elementor-shape elementor-shape-bottom\" aria-hidden=\"true\" data-negative=\"false\">\n\t\t\t<svg xmlns=\"http:\/\/www.w3.org\/2000\/svg\" viewbox=\"0 0 1000 100\" preserveaspectratio=\"none\">\n\t<path class=\"elementor-shape-fill\" d=\"M421.9,6.5c22.6-2.5,51.5,0.4,75.5,5.3c23.6,4.9,70.9,23.5,100.5,35.7c75.8,32.2,133.7,44.5,192.6,49.7\tc23.6,2.1,48.7,3.5,103.4-2.5c54.7-6,106.2-25.6,106.2-25.6V0H0v30.3c0,0,72,32.6,158.4,30.5c39.2-0.7,92.8-6.7,134-22.4\tc21.2-8.1,52.2-18.2,79.7-24.2C399.3,7.9,411.6,7.5,421.9,6.5z\"\/>\n<\/svg>\t\t<\/div>\n\t\t<div class=\"elementor-element elementor-element-7ef0b80b e-con-full e-flex e-con e-child\" data-id=\"7ef0b80b\" data-element_type=\"container\" data-e-type=\"container\">\n\t\t\t\t<div class=\"elementor-element elementor-element-78984580 animated-slow elementor-widget elementor-widget-heading\" data-id=\"78984580\" data-element_type=\"widget\" data-e-type=\"widget\" data-settings=\"{&quot;_animation&quot;:&quot;none&quot;}\" data-widget_type=\"heading.default\">\n\t\t\t\t<div class=\"elementor-widget-container\">\n\t\t\t\t\t<h2 class=\"elementor-heading-title elementor-size-default\">L'ASBL SuperNils lutte contre l'ennui et la solitude<\/h2>\t\t\t\t<\/div>\n\t\t\t\t<\/div>\n\t\t\t\t<div class=\"elementor-element elementor-element-5116d448 animated-slow elementor-widget elementor-widget-heading\" data-id=\"5116d448\" data-element_type=\"widget\" data-e-type=\"widget\" data-settings=\"{&quot;_animation&quot;:&quot;none&quot;}\" data-widget_type=\"heading.default\">\n\t\t\t\t<div class=\"elementor-widget-container\">\n\t\t\t\t\t<h2 class=\"elementor-heading-title elementor-size-default\">La VRT est le partenaire id\u00e9al \u00e0 cet \u00e9gard <\/h2>\t\t\t\t<\/div>\n\t\t\t\t<\/div>\n\t\t\t\t<div class=\"elementor-element elementor-element-4a04a247 elementor-widget elementor-widget-text-editor\" data-id=\"4a04a247\" data-element_type=\"widget\" data-e-type=\"widget\" data-widget_type=\"text-editor.default\">\n\t\t\t\t<div class=\"elementor-widget-container\">\n\t\t\t\t\t\t\t\t\t<p>SuperNils recherche toutes sortes d'activit\u00e9s susceptibles d'aider les enfants et les jeunes \u00e0 lutter contre l'ennui et la solitude.<\/p><p>L'\u00e9tude, la d\u00e9couverte de nouvelles choses, l'apprentissage par le jeu sont de tr\u00e8s bonnes m\u00e9thodes. Votre esprit est au travail, mais pendant un certain temps, il se concentre sur des choses autres que les pr\u00e9occupations quotidiennes.\u00a0<\/p><p>La VRT a d\u00e9velopp\u00e9 \u00e0 cet effet de formidables paquets d'apprentissage que le service \u00e9ducatif met volontiers \u00e0 disposition. Dans cette bo\u00eete interactive, l'asbl SuperNils fournit les bons liens vers cette offre (l'offre est et reste la propri\u00e9t\u00e9 de la VRT), qui s'adresse sp\u00e9cifiquement aux jeunes de l'enseignement secondaire (mais peut aussi \u00eatre int\u00e9ressante pour les plus \u00e2g\u00e9s !).<\/p><p>Vous trouverez ci-dessous diff\u00e9rents paquets, avec lesquels vous pouvez facilement commencer individuellement. Cliquez sur l'image et d\u00e9couvrez ce que le service \u00e9ducatif de la VRT peut vous offrir.<\/p><p>Voulez-vous vraiment d\u00e9couvrir tous les paquets \u00e9ducatifs ? Alors cliquez sur le bouton ci-dessous !<\/p>\t\t\t\t\t\t\t\t<\/div>\n\t\t\t\t<\/div>\n\t\t\t\t<div class=\"elementor-element elementor-element-1403ffd elementor-align-center elementor-widget elementor-widget-button\" data-id=\"1403ffd\" data-element_type=\"widget\" data-e-type=\"widget\" data-widget_type=\"button.default\">\n\t\t\t\t<div class=\"elementor-widget-container\">\n\t\t\t\t\t\t\t\t\t<div class=\"elementor-button-wrapper\">\n\t\t\t\t\t<a class=\"elementor-button elementor-button-link elementor-size-sm elementor-animation-grow\" href=\"https:\/\/www.vrt.be\/nl\/edubox\/catalogus#\">\n\t\t\t\t\t\t<span class=\"elementor-button-content-wrapper\">\n\t\t\t\t\t\t\t\t\t<span class=\"elementor-button-text\">D\u00e9couvrez l'offre \u00e9ducative de la VRT<\/span>\n\t\t\t\t\t<\/span>\n\t\t\t\t\t<\/a>\n\t\t\t\t<\/div>\n\t\t\t\t\t\t\t\t<\/div>\n\t\t\t\t<\/div>\n\t\t\t\t<div class=\"elementor-element elementor-element-cbe3fcc elementor-widget elementor-widget-spacer\" data-id=\"cbe3fcc\" data-element_type=\"widget\" data-e-type=\"widget\" data-widget_type=\"spacer.default\">\n\t\t\t\t<div class=\"elementor-widget-container\">\n\t\t\t\t\t\t\t<div class=\"elementor-spacer\">\n\t\t\t<div class=\"elementor-spacer-inner\"><\/div>\n\t\t<\/div>\n\t\t\t\t\t\t<\/div>\n\t\t\t\t<\/div>\n\t\t\t\t<\/div>\n\t\t\t\t<div class=\"elementor-element elementor-element-2f7078c7 elementor-widget elementor-widget-image\" data-id=\"2f7078c7\" data-element_type=\"widget\" data-e-type=\"widget\" data-widget_type=\"image.default\">\n\t\t\t\t<div class=\"elementor-widget-container\">\n\t\t\t\t\t\t\t\t\t\t\t\t\t\t\t<img fetchpriority=\"high\" decoding=\"async\" width=\"593\" height=\"1054\" src=\"https:\/\/supernils.be\/wp-content\/uploads\/2024\/10\/VRT-toren-593x1054.png\" class=\"attachment-large size-large wp-image-17030\" alt=\"\" srcset=\"https:\/\/supernils.be\/wp-content\/uploads\/2024\/10\/VRT-toren-593x1054.png 593w, https:\/\/supernils.be\/wp-content\/uploads\/2024\/10\/VRT-toren-169x300.png 169w, https:\/\/supernils.be\/wp-content\/uploads\/2024\/10\/VRT-toren-768x1365.png 768w, https:\/\/supernils.be\/wp-content\/uploads\/2024\/10\/VRT-toren-864x1536.png 864w, https:\/\/supernils.be\/wp-content\/uploads\/2024\/10\/VRT-toren-7x12.png 7w, https:\/\/supernils.be\/wp-content\/uploads\/2024\/10\/VRT-toren-299x532.png 299w, https:\/\/supernils.be\/wp-content\/uploads\/2024\/10\/VRT-toren-572x1017.png 572w, https:\/\/supernils.be\/wp-content\/uploads\/2024\/10\/VRT-toren.png 1080w\" sizes=\"(max-width: 593px) 100vw, 593px\" \/>\t\t\t\t\t\t\t\t\t\t\t\t\t\t\t<\/div>\n\t\t\t\t<\/div>\n\t\t\t\t\t<\/div>\n\t\t\t\t<\/div>\n\t\t<div class=\"elementor-element elementor-element-84570d7 e-grid e-con-boxed e-con e-parent\" data-id=\"84570d7\" data-element_type=\"container\" data-e-type=\"container\" data-settings=\"{&quot;background_background&quot;:&quot;classic&quot;}\">\n\t\t\t\t\t<div class=\"e-con-inner\">\n\t\t\t\t<div class=\"elementor-element elementor-element-d502041 elementor-widget elementor-widget-text-editor\" data-id=\"d502041\" data-element_type=\"widget\" data-e-type=\"widget\" data-widget_type=\"text-editor.default\">\n\t\t\t\t<div class=\"elementor-widget-container\">\n\t\t\t\t\t\t\t\t\t<h5>\u00a0<\/h5><div>\u00a0<\/div><h5>Vous partagez une photo sur Instagram, vous vous connectez \u00e0 un r\u00e9seau Wi-Fi public, vous scrollez un peu sur TikTok ou vous entrez votre adresse pour la livraison d'un achat en ligne. Chaque jour, vous partagez consciemment et inconsciemment des donn\u00e9es. Le \"partage\" s'accompagne-t-il d'une v\u00e9ritable \"prise en charge\" ou devons-nous mieux prot\u00e9ger nos donn\u00e9es ? Alors que les donn\u00e9es personnelles sont de plus en plus collect\u00e9es, nous ne r\u00e9alisons souvent pas suffisamment quelles sont les donn\u00e9es que nous laissons derri\u00e8re nous et comment elles sont utilis\u00e9es. Les donn\u00e9es sont le nouvel or, une marchandise puissante que les entreprises et les agences ne sont que trop heureuses de collecter et d'\u00e9changer \u00e0 des fins lucratives. L'EDUbox \"Donn\u00e9es et vie priv\u00e9e\" r\u00e9pond \u00e0 la n\u00e9cessit\u00e9 de mieux conna\u00eetre les donn\u00e9es personnelles. Dans ce kit p\u00e9dagogique, les \u00e9l\u00e8ves de l'enseignement secondaire explorent la mani\u00e8re dont les donn\u00e9es sont collect\u00e9es, ce qui en est fait et comment ils peuvent trouver un meilleur \u00e9quilibre entre le partage et la protection de la vie priv\u00e9e.<\/h5>\t\t\t\t\t\t\t\t<\/div>\n\t\t\t\t<\/div>\n\t\t\t\t<div class=\"elementor-element elementor-element-0ecd184 elementor-widget elementor-widget-image\" data-id=\"0ecd184\" data-element_type=\"widget\" data-e-type=\"widget\" data-widget_type=\"image.default\">\n\t\t\t\t<div class=\"elementor-widget-container\">\n\t\t\t\t\t\t\t\t\t\t\t\t\t\t\t\t<a href=\"https:\/\/www.vrt.be\/vrtnws\/nl\/2024\/03\/12\/data-en-privacy\/interactieve-video\/\">\n\t\t\t\t\t\t\t<img decoding=\"async\" width=\"940\" height=\"788\" src=\"https:\/\/supernils.be\/wp-content\/uploads\/2024\/10\/Privacy.png\" class=\"attachment-full size-full wp-image-17072\" alt=\"\" srcset=\"https:\/\/supernils.be\/wp-content\/uploads\/2024\/10\/Privacy.png 940w, https:\/\/supernils.be\/wp-content\/uploads\/2024\/10\/Privacy-300x251.png 300w, https:\/\/supernils.be\/wp-content\/uploads\/2024\/10\/Privacy-768x644.png 768w, https:\/\/supernils.be\/wp-content\/uploads\/2024\/10\/Privacy-14x12.png 14w, https:\/\/supernils.be\/wp-content\/uploads\/2024\/10\/Privacy-299x251.png 299w, https:\/\/supernils.be\/wp-content\/uploads\/2024\/10\/Privacy-572x480.png 572w\" sizes=\"(max-width: 940px) 100vw, 940px\" \/>\t\t\t\t\t\t\t\t<\/a>\n\t\t\t\t\t\t\t\t\t\t\t\t\t\t\t<\/div>\n\t\t\t\t<\/div>\n\t\t\t\t<div class=\"elementor-element elementor-element-5fe8958 elementor-widget elementor-widget-text-editor\" data-id=\"5fe8958\" data-element_type=\"widget\" data-e-type=\"widget\" data-widget_type=\"text-editor.default\">\n\t\t\t\t<div class=\"elementor-widget-container\">\n\t\t\t\t\t\t\t\t\t<h5>L'\u00c9tat de droit d\u00e9mocratique est l'un des fondements de notre soci\u00e9t\u00e9. La fa\u00e7on dont notre soci\u00e9t\u00e9 fonctionne et est structur\u00e9e, les r\u00e8gles et les accords que nous respectons sont en grande partie dus \u00e0 la prise de d\u00e9cision politique. Ainsi, une meilleure compr\u00e9hension de notre syst\u00e8me politique sous toutes ses facettes peut \u00e9galement conduire \u00e0 une meilleure compr\u00e9hension de notre soci\u00e9t\u00e9. Gouverner un pays, un \u00c9tat, une province, une ville ou une municipalit\u00e9 n'est pas chose ais\u00e9e. Comment s'assurer que tout le monde est repr\u00e9sent\u00e9 et que personne n'est exclu ? En Belgique, nous y parvenons gr\u00e2ce \u00e0 une forme de gouvernement sp\u00e9cifique : la d\u00e9mocratie. Mais comment fonctionne une d\u00e9mocratie ? Qui prend les d\u00e9cisions ? Et quels sont les droits des citoyens ? L'EDUbox D\u00e9mocratie informe les jeunes sur les principes de base d'un \u00c9tat de droit d\u00e9mocratique, les fait r\u00e9fl\u00e9chir \u00e0 diff\u00e9rents choix politiques et les encourage \u00e0 dialoguer activement les uns avec les autres. Cette EDUbox est une collaboration entre la VRT et le Parlement flamand.<\/h5>\t\t\t\t\t\t\t\t<\/div>\n\t\t\t\t<\/div>\n\t\t\t\t<div class=\"elementor-element elementor-element-09cd05e elementor-widget elementor-widget-image\" data-id=\"09cd05e\" data-element_type=\"widget\" data-e-type=\"widget\" data-widget_type=\"image.default\">\n\t\t\t\t<div class=\"elementor-widget-container\">\n\t\t\t\t\t\t\t\t\t\t\t\t\t\t\t\t<a href=\"https:\/\/www.vrt.be\/vrtnws\/nl\/2019\/09\/17\/democratie\/edubox-democratie-interactieve-video\/\">\n\t\t\t\t\t\t\t<img decoding=\"async\" width=\"940\" height=\"788\" src=\"https:\/\/supernils.be\/wp-content\/uploads\/2024\/10\/Democratie.png\" class=\"attachment-full size-full wp-image-17049\" alt=\"\" srcset=\"https:\/\/supernils.be\/wp-content\/uploads\/2024\/10\/Democratie.png 940w, https:\/\/supernils.be\/wp-content\/uploads\/2024\/10\/Democratie-300x251.png 300w, https:\/\/supernils.be\/wp-content\/uploads\/2024\/10\/Democratie-768x644.png 768w, https:\/\/supernils.be\/wp-content\/uploads\/2024\/10\/Democratie-14x12.png 14w, https:\/\/supernils.be\/wp-content\/uploads\/2024\/10\/Democratie-299x251.png 299w, https:\/\/supernils.be\/wp-content\/uploads\/2024\/10\/Democratie-572x480.png 572w\" sizes=\"(max-width: 940px) 100vw, 940px\" \/>\t\t\t\t\t\t\t\t<\/a>\n\t\t\t\t\t\t\t\t\t\t\t\t\t\t\t<\/div>\n\t\t\t\t<\/div>\n\t\t\t\t<div class=\"elementor-element elementor-element-00643d7 elementor-widget elementor-widget-text-editor\" data-id=\"00643d7\" data-element_type=\"widget\" data-e-type=\"widget\" data-widget_type=\"text-editor.default\">\n\t\t\t\t<div class=\"elementor-widget-container\">\n\t\t\t\t\t\t\t\t\t<h5>Cette EDUbox s'inscrit dans l'offre Elections '24 et est \u00e9troitement li\u00e9e aux EDUbox Id\u00e9ologie et Persuasion. L'EDUbox Politique vise \u00e0 donner aux jeunes un aper\u00e7u de la mani\u00e8re dont les d\u00e9cisions sont prises. Comment convaincre les gens de ses id\u00e9es, comment les r\u00e9aliser ? Quelles sont les \u00e9tapes pour passer d'une id\u00e9e \u00e0 une politique ? En interrogeant les jeunes sur ce qui les pr\u00e9occupe et sur les id\u00e9es qu'ils ont pour l'avenir, l'EDUbox leur apprend comment ces id\u00e9es peuvent \u00eatre concr\u00e9tis\u00e9es par le biais de la politique. Cette EDUbox a \u00e9t\u00e9 cr\u00e9\u00e9e dans le cadre du projet europ\u00e9en EDUmake, cofinanc\u00e9 par l'Union europ\u00e9enne.<\/h5>\t\t\t\t\t\t\t\t<\/div>\n\t\t\t\t<\/div>\n\t\t\t\t<div class=\"elementor-element elementor-element-95180db elementor-widget elementor-widget-image\" data-id=\"95180db\" data-element_type=\"widget\" data-e-type=\"widget\" data-widget_type=\"image.default\">\n\t\t\t\t<div class=\"elementor-widget-container\">\n\t\t\t\t\t\t\t\t\t\t\t\t\t\t\t\t<a href=\"https:\/\/www.vrt.be\/vrtnws\/nl\/2023\/09\/11\/edubox-politiek\/videoles\/\">\n\t\t\t\t\t\t\t<img loading=\"lazy\" decoding=\"async\" width=\"940\" height=\"788\" src=\"https:\/\/supernils.be\/wp-content\/uploads\/2024\/10\/Politiek-stemmen.png\" class=\"attachment-full size-full wp-image-17054\" alt=\"\" srcset=\"https:\/\/supernils.be\/wp-content\/uploads\/2024\/10\/Politiek-stemmen.png 940w, https:\/\/supernils.be\/wp-content\/uploads\/2024\/10\/Politiek-stemmen-300x251.png 300w, https:\/\/supernils.be\/wp-content\/uploads\/2024\/10\/Politiek-stemmen-768x644.png 768w, https:\/\/supernils.be\/wp-content\/uploads\/2024\/10\/Politiek-stemmen-14x12.png 14w, https:\/\/supernils.be\/wp-content\/uploads\/2024\/10\/Politiek-stemmen-299x251.png 299w, https:\/\/supernils.be\/wp-content\/uploads\/2024\/10\/Politiek-stemmen-572x480.png 572w\" sizes=\"(max-width: 940px) 100vw, 940px\" \/>\t\t\t\t\t\t\t\t<\/a>\n\t\t\t\t\t\t\t\t\t\t\t\t\t\t\t<\/div>\n\t\t\t\t<\/div>\n\t\t\t\t<div class=\"elementor-element elementor-element-5141135 elementor-widget elementor-widget-text-editor\" data-id=\"5141135\" data-element_type=\"widget\" data-e-type=\"widget\" data-widget_type=\"text-editor.default\">\n\t\t\t\t<div class=\"elementor-widget-container\">\n\t\t\t\t\t\t\t\t\t<h5>Cette EDUbox s'inscrit dans l'offre Elections '24 et est \u00e9troitement li\u00e9e \u00e0 l'EDUbox Politique et \u00e0 l'EDUbox Id\u00e9ologie. Avec l'EDUbox Persuasion, les \u00e9l\u00e8ves apprennent par la pratique comment \u00eatre convaincu, quelles sont les techniques utilis\u00e9es pour y parvenir et que cela peut \u00eatre \u00e0 la fois positif et n\u00e9gatif. Ils cr\u00e9ent \u00e9galement leur propre affiche avec un slogan pour convaincre les autres de leur message. Cette EDUbox a \u00e9t\u00e9 cr\u00e9\u00e9e en partie dans le cadre du projet europ\u00e9en EDUmake, cofinanc\u00e9 par l'Union europ\u00e9enne.<\/h5>\t\t\t\t\t\t\t\t<\/div>\n\t\t\t\t<\/div>\n\t\t\t\t<div class=\"elementor-element elementor-element-cf1682d elementor-widget elementor-widget-image\" data-id=\"cf1682d\" data-element_type=\"widget\" data-e-type=\"widget\" data-widget_type=\"image.default\">\n\t\t\t\t<div class=\"elementor-widget-container\">\n\t\t\t\t\t\t\t\t\t\t\t\t\t\t\t\t<a href=\"https:\/\/www.vrt.be\/vrtnws\/nl\/2023\/09\/11\/edubox-overtuigen\/videoles\/\">\n\t\t\t\t\t\t\t<img loading=\"lazy\" decoding=\"async\" width=\"940\" height=\"788\" src=\"https:\/\/supernils.be\/wp-content\/uploads\/2024\/10\/overtuigen.png\" class=\"attachment-full size-full wp-image-17065\" alt=\"\" srcset=\"https:\/\/supernils.be\/wp-content\/uploads\/2024\/10\/overtuigen.png 940w, https:\/\/supernils.be\/wp-content\/uploads\/2024\/10\/overtuigen-300x251.png 300w, https:\/\/supernils.be\/wp-content\/uploads\/2024\/10\/overtuigen-768x644.png 768w, https:\/\/supernils.be\/wp-content\/uploads\/2024\/10\/overtuigen-14x12.png 14w, https:\/\/supernils.be\/wp-content\/uploads\/2024\/10\/overtuigen-299x251.png 299w, https:\/\/supernils.be\/wp-content\/uploads\/2024\/10\/overtuigen-572x480.png 572w\" sizes=\"(max-width: 940px) 100vw, 940px\" \/>\t\t\t\t\t\t\t\t<\/a>\n\t\t\t\t\t\t\t\t\t\t\t\t\t\t\t<\/div>\n\t\t\t\t<\/div>\n\t\t\t\t<div class=\"elementor-element elementor-element-1350db0 elementor-widget elementor-widget-text-editor\" data-id=\"1350db0\" data-element_type=\"widget\" data-e-type=\"widget\" data-widget_type=\"text-editor.default\">\n\t\t\t\t<div class=\"elementor-widget-container\">\n\t\t\t\t\t\t\t\t\t<h5>L'\u00e9nergie est partout : de la lumi\u00e8re que vous allumez le matin au podcast que vous \u00e9coutez avant de vous coucher. Et bien que nous interagissions quotidiennement avec l'\u00e9nergie, celle-ci reste un sujet complexe. Apr\u00e8s tout, qu'est-ce que l'\u00e9nergie ? Comment est-elle produite ? Pourquoi est-elle si ch\u00e8re ? Et quel est l'impact de l'\u00e9nergie sur l'environnement et le climat ? Cette EDUbox informe les jeunes, qu'il s'agisse de les sensibiliser \u00e0 leur propre consommation d'\u00e9nergie ou d'explorer des technologies vertes et \u00e9conomiques, et les incite \u00e0 r\u00e9fl\u00e9chir de mani\u00e8re critique \u00e0 leur r\u00f4le dans ce probl\u00e8me mondial. Nous montrons qu'il est possible d'envisager l'\u00e9nergie de diff\u00e9rentes mani\u00e8res, en offrant des conseils sur la fa\u00e7on de faire des choix durables.<\/h5>\t\t\t\t\t\t\t\t<\/div>\n\t\t\t\t<\/div>\n\t\t\t\t<div class=\"elementor-element elementor-element-a2112ba elementor-widget elementor-widget-image\" data-id=\"a2112ba\" data-element_type=\"widget\" data-e-type=\"widget\" data-widget_type=\"image.default\">\n\t\t\t\t<div class=\"elementor-widget-container\">\n\t\t\t\t\t\t\t\t\t\t\t\t\t\t\t\t<a href=\"https:\/\/www.vrt.be\/vrtnws\/nl\/2023\/09\/11\/edubox-energie\/interactieve-video\/\">\n\t\t\t\t\t\t\t<img loading=\"lazy\" decoding=\"async\" width=\"940\" height=\"788\" src=\"https:\/\/supernils.be\/wp-content\/uploads\/2024\/10\/Energie.png\" class=\"attachment-full size-full wp-image-17070\" alt=\"\" srcset=\"https:\/\/supernils.be\/wp-content\/uploads\/2024\/10\/Energie.png 940w, https:\/\/supernils.be\/wp-content\/uploads\/2024\/10\/Energie-300x251.png 300w, https:\/\/supernils.be\/wp-content\/uploads\/2024\/10\/Energie-768x644.png 768w, https:\/\/supernils.be\/wp-content\/uploads\/2024\/10\/Energie-14x12.png 14w, https:\/\/supernils.be\/wp-content\/uploads\/2024\/10\/Energie-299x251.png 299w, https:\/\/supernils.be\/wp-content\/uploads\/2024\/10\/Energie-572x480.png 572w\" sizes=\"(max-width: 940px) 100vw, 940px\" \/>\t\t\t\t\t\t\t\t<\/a>\n\t\t\t\t\t\t\t\t\t\t\t\t\t\t\t<\/div>\n\t\t\t\t<\/div>\n\t\t\t\t<div class=\"elementor-element elementor-element-a0a431d elementor-widget elementor-widget-text-editor\" data-id=\"a0a431d\" data-element_type=\"widget\" data-e-type=\"widget\" data-widget_type=\"text-editor.default\">\n\t\t\t\t<div class=\"elementor-widget-container\">\n\t\t\t\t\t\t\t\t\t<h5>Avec l'EDUbox fake news, les jeunes se mettent dans la peau d'un \"d\u00e9tective de l'information\". Ils re\u00e7oivent des conseils et des informations de base pour d\u00e9mystifier les fausses nouvelles. Qu'est-ce qu'une fausse nouvelle ? Pourquoi les fausses nouvelles et autres formes d'informations trompeuses sont-elles diffus\u00e9es ? Et qu'est-ce qu'une \"deep fake\" ? ... \u00c0 l'aide d'exemples concrets, d'exercices interactifs, de vid\u00e9os et de discussions, les \u00e9l\u00e8ves apprennent \u00e0 faire preuve d'esprit critique \u00e0 l'\u00e9gard de l'information et \u00e0 ma\u00eetriser la v\u00e9rification des faits.<\/h5>\t\t\t\t\t\t\t\t<\/div>\n\t\t\t\t<\/div>\n\t\t\t\t<div class=\"elementor-element elementor-element-6495cc6 elementor-widget elementor-widget-image\" data-id=\"6495cc6\" data-element_type=\"widget\" data-e-type=\"widget\" data-widget_type=\"image.default\">\n\t\t\t\t<div class=\"elementor-widget-container\">\n\t\t\t\t\t\t\t\t\t\t\t\t\t\t\t\t<a href=\"https:\/\/www.vrt.be\/vrtnws\/nl\/2019\/09\/17\/nepnieuws\/nepnieuws-interactieve-les\/\">\n\t\t\t\t\t\t\t<img loading=\"lazy\" decoding=\"async\" width=\"940\" height=\"788\" src=\"https:\/\/supernils.be\/wp-content\/uploads\/2024\/10\/nepnieuws.png\" class=\"attachment-full size-full wp-image-17077\" alt=\"\" srcset=\"https:\/\/supernils.be\/wp-content\/uploads\/2024\/10\/nepnieuws.png 940w, https:\/\/supernils.be\/wp-content\/uploads\/2024\/10\/nepnieuws-300x251.png 300w, https:\/\/supernils.be\/wp-content\/uploads\/2024\/10\/nepnieuws-768x644.png 768w, https:\/\/supernils.be\/wp-content\/uploads\/2024\/10\/nepnieuws-14x12.png 14w, https:\/\/supernils.be\/wp-content\/uploads\/2024\/10\/nepnieuws-299x251.png 299w, https:\/\/supernils.be\/wp-content\/uploads\/2024\/10\/nepnieuws-572x480.png 572w\" sizes=\"(max-width: 940px) 100vw, 940px\" \/>\t\t\t\t\t\t\t\t<\/a>\n\t\t\t\t\t\t\t\t\t\t\t\t\t\t\t<\/div>\n\t\t\t\t<\/div>\n\t\t\t\t<div class=\"elementor-element elementor-element-a7a56fa elementor-widget elementor-widget-text-editor\" data-id=\"a7a56fa\" data-element_type=\"widget\" data-e-type=\"widget\" data-widget_type=\"text-editor.default\">\n\t\t\t\t<div class=\"elementor-widget-container\">\n\t\t\t\t\t\t\t\t\t<h5 class=\"vrt-edubox__subtitle\">L'av\u00e8nement des m\u00e9dias num\u00e9riques a boulevers\u00e9 notre vie amoureuse et sexuelle. Alors que nous avions l'habitude de nous envoyer des lettres d'amour et des roses rouges, nous pr\u00e9f\u00e9rons aujourd'hui nous envoyer des sextos pour exprimer nos sentiments. Mais qu'est-ce que le sexting ? Malgr\u00e9 sa popularit\u00e9 croissante, on en parle peu. L'EDUbox Sexting guide les \u00e9l\u00e8ves de premi\u00e8re ann\u00e9e de l'enseignement secondaire dans le monde du flirt num\u00e9rique, de mani\u00e8re responsable.<\/h5>\t\t\t\t\t\t\t\t<\/div>\n\t\t\t\t<\/div>\n\t\t\t\t<div class=\"elementor-element elementor-element-1dec147 elementor-widget elementor-widget-image\" data-id=\"1dec147\" data-element_type=\"widget\" data-e-type=\"widget\" data-widget_type=\"image.default\">\n\t\t\t\t<div class=\"elementor-widget-container\">\n\t\t\t\t\t\t\t\t\t\t\t\t\t\t\t\t<a href=\"https:\/\/www.vrt.be\/vrtnws\/nl\/2023\/05\/11\/sexting\/interactieve-video\/\">\n\t\t\t\t\t\t\t<img loading=\"lazy\" decoding=\"async\" width=\"940\" height=\"788\" src=\"https:\/\/supernils.be\/wp-content\/uploads\/2024\/10\/sexting.png\" class=\"attachment-full size-full wp-image-17082\" alt=\"\" srcset=\"https:\/\/supernils.be\/wp-content\/uploads\/2024\/10\/sexting.png 940w, https:\/\/supernils.be\/wp-content\/uploads\/2024\/10\/sexting-300x251.png 300w, https:\/\/supernils.be\/wp-content\/uploads\/2024\/10\/sexting-768x644.png 768w, https:\/\/supernils.be\/wp-content\/uploads\/2024\/10\/sexting-14x12.png 14w, https:\/\/supernils.be\/wp-content\/uploads\/2024\/10\/sexting-299x251.png 299w, https:\/\/supernils.be\/wp-content\/uploads\/2024\/10\/sexting-572x480.png 572w\" sizes=\"(max-width: 940px) 100vw, 940px\" \/>\t\t\t\t\t\t\t\t<\/a>\n\t\t\t\t\t\t\t\t\t\t\t\t\t\t\t<\/div>\n\t\t\t\t<\/div>\n\t\t\t\t<div class=\"elementor-element elementor-element-950190c elementor-widget elementor-widget-text-editor\" data-id=\"950190c\" data-element_type=\"widget\" data-e-type=\"widget\" data-widget_type=\"text-editor.default\">\n\t\t\t\t<div class=\"elementor-widget-container\">\n\t\t\t\t\t\t\t\t\t<h5>Nous voulons tous passer notre vie dans des endroits o\u00f9 nous nous sentons bien. Est-ce encore possible, maintenant qu'il y a de moins en moins d'espaces ouverts et non am\u00e9nag\u00e9s en Flandre ? En outre, nous commen\u00e7ons de plus en plus \u00e0 ressentir les cons\u00e9quences du mauvais am\u00e9nagement du territoire des derni\u00e8res d\u00e9cennies. Il est donc grand temps d'\u00e9laborer de nouveaux et meilleurs plans ! L'EDUbox Sensibilisation \u00e0 l'espace initie les jeunes aux principes de l'utilisation durable de l'espace.<\/h5>\t\t\t\t\t\t\t\t<\/div>\n\t\t\t\t<\/div>\n\t\t\t\t<div class=\"elementor-element elementor-element-865ad49 elementor-widget elementor-widget-image\" data-id=\"865ad49\" data-element_type=\"widget\" data-e-type=\"widget\" data-widget_type=\"image.default\">\n\t\t\t\t<div class=\"elementor-widget-container\">\n\t\t\t\t\t\t\t\t\t\t\t\t\t\t\t\t<a href=\"https:\/\/www.vrt.be\/vrtnws\/nl\/2023\/03\/15\/ruimtelijk-bewustzijn\/interactieve-video\/\">\n\t\t\t\t\t\t\t<img loading=\"lazy\" decoding=\"async\" width=\"940\" height=\"788\" src=\"https:\/\/supernils.be\/wp-content\/uploads\/2024\/10\/duurzame-buurt.png\" class=\"attachment-full size-full wp-image-17090\" alt=\"\" srcset=\"https:\/\/supernils.be\/wp-content\/uploads\/2024\/10\/duurzame-buurt.png 940w, https:\/\/supernils.be\/wp-content\/uploads\/2024\/10\/duurzame-buurt-300x251.png 300w, https:\/\/supernils.be\/wp-content\/uploads\/2024\/10\/duurzame-buurt-768x644.png 768w, https:\/\/supernils.be\/wp-content\/uploads\/2024\/10\/duurzame-buurt-14x12.png 14w, https:\/\/supernils.be\/wp-content\/uploads\/2024\/10\/duurzame-buurt-299x251.png 299w, https:\/\/supernils.be\/wp-content\/uploads\/2024\/10\/duurzame-buurt-572x480.png 572w\" sizes=\"(max-width: 940px) 100vw, 940px\" \/>\t\t\t\t\t\t\t\t<\/a>\n\t\t\t\t\t\t\t\t\t\t\t\t\t\t\t<\/div>\n\t\t\t\t<\/div>\n\t\t\t\t<div class=\"elementor-element elementor-element-89de1da elementor-widget elementor-widget-text-editor\" data-id=\"89de1da\" data-element_type=\"widget\" data-e-type=\"widget\" data-widget_type=\"text-editor.default\">\n\t\t\t\t<div class=\"elementor-widget-container\">\n\t\t\t\t\t\t\t\t\t<h5>Dans l'EDUbox \"Cybers\u00e9curit\u00e9 : la protection num\u00e9rique, une bonne habitude\", les jeunes d\u00e9couvrent comment se prot\u00e9ger contre les cybercriminels. N\u00e9cessaire car les pirates informatiques sont partout pour voler leurs donn\u00e9es ou leurs biens. Quelles sont les astuces qu'ils utilisent ? Et comment les jeunes peuvent-ils renforcer leur propre s\u00e9curit\u00e9 num\u00e9rique ? Dans cette EDUbox, ils apprendront tout sur leur empreinte num\u00e9rique.<\/h5>\t\t\t\t\t\t\t\t<\/div>\n\t\t\t\t<\/div>\n\t\t\t\t<div class=\"elementor-element elementor-element-5ec7221 elementor-widget elementor-widget-image\" data-id=\"5ec7221\" data-element_type=\"widget\" data-e-type=\"widget\" data-widget_type=\"image.default\">\n\t\t\t\t<div class=\"elementor-widget-container\">\n\t\t\t\t\t\t\t\t\t\t\t\t\t\t\t\t<a href=\"https:\/\/www.vrt.be\/vrtnws\/nl\/2022\/11\/06\/cybersecurity\/interactieve-video\/\">\n\t\t\t\t\t\t\t<img loading=\"lazy\" decoding=\"async\" width=\"940\" height=\"788\" src=\"https:\/\/supernils.be\/wp-content\/uploads\/2024\/10\/Cybersecurity.png\" class=\"attachment-full size-full wp-image-17098\" alt=\"\" srcset=\"https:\/\/supernils.be\/wp-content\/uploads\/2024\/10\/Cybersecurity.png 940w, https:\/\/supernils.be\/wp-content\/uploads\/2024\/10\/Cybersecurity-300x251.png 300w, https:\/\/supernils.be\/wp-content\/uploads\/2024\/10\/Cybersecurity-768x644.png 768w, https:\/\/supernils.be\/wp-content\/uploads\/2024\/10\/Cybersecurity-14x12.png 14w, https:\/\/supernils.be\/wp-content\/uploads\/2024\/10\/Cybersecurity-299x251.png 299w, https:\/\/supernils.be\/wp-content\/uploads\/2024\/10\/Cybersecurity-572x480.png 572w\" sizes=\"(max-width: 940px) 100vw, 940px\" \/>\t\t\t\t\t\t\t\t<\/a>\n\t\t\t\t\t\t\t\t\t\t\t\t\t\t\t<\/div>\n\t\t\t\t<\/div>\n\t\t\t\t<div class=\"elementor-element elementor-element-e044178 elementor-widget elementor-widget-text-editor\" data-id=\"e044178\" data-element_type=\"widget\" data-e-type=\"widget\" data-widget_type=\"text-editor.default\">\n\t\t\t\t<div class=\"elementor-widget-container\">\n\t\t\t\t\t\t\t\t\t<h5>De tout temps, les gens se sont d\u00e9plac\u00e9s d'un endroit \u00e0 l'autre. Aujourd'hui encore, la migration reste un sujet br\u00fblant qui nous interpelle en tant que soci\u00e9t\u00e9. Il existe de nombreuses opinions diff\u00e9rentes, parfois diam\u00e9tralement oppos\u00e9es, mais pas toujours en accord avec les faits. Cet EDUbox ne traite pas de la question de savoir si l'on est pour ou contre l'immigration, mais explique le \"pourquoi et le comment\". L'objectif est de permettre aux \u00e9l\u00e8ves de se forger leur propre opinion sur la migration, sur la base d'informations pr\u00e9cises et factuelles.<\/h5>\t\t\t\t\t\t\t\t<\/div>\n\t\t\t\t<\/div>\n\t\t\t\t<div class=\"elementor-element elementor-element-94eba3c elementor-widget elementor-widget-image\" data-id=\"94eba3c\" data-element_type=\"widget\" data-e-type=\"widget\" data-widget_type=\"image.default\">\n\t\t\t\t<div class=\"elementor-widget-container\">\n\t\t\t\t\t\t\t\t\t\t\t\t\t\t\t\t<a href=\"https:\/\/www.vrt.be\/vrtnws\/nl\/2022\/10\/21\/migratie\/interactieve-video\/\">\n\t\t\t\t\t\t\t<img loading=\"lazy\" decoding=\"async\" width=\"940\" height=\"788\" src=\"https:\/\/supernils.be\/wp-content\/uploads\/2024\/10\/Migratie.png\" class=\"attachment-full size-full wp-image-17105\" alt=\"\" srcset=\"https:\/\/supernils.be\/wp-content\/uploads\/2024\/10\/Migratie.png 940w, https:\/\/supernils.be\/wp-content\/uploads\/2024\/10\/Migratie-300x251.png 300w, https:\/\/supernils.be\/wp-content\/uploads\/2024\/10\/Migratie-768x644.png 768w, https:\/\/supernils.be\/wp-content\/uploads\/2024\/10\/Migratie-14x12.png 14w, https:\/\/supernils.be\/wp-content\/uploads\/2024\/10\/Migratie-299x251.png 299w, https:\/\/supernils.be\/wp-content\/uploads\/2024\/10\/Migratie-572x480.png 572w\" sizes=\"(max-width: 940px) 100vw, 940px\" \/>\t\t\t\t\t\t\t\t<\/a>\n\t\t\t\t\t\t\t\t\t\t\t\t\t\t\t<\/div>\n\t\t\t\t<\/div>\n\t\t\t\t<div class=\"elementor-element elementor-element-9c4dc0e elementor-widget elementor-widget-text-editor\" data-id=\"9c4dc0e\" data-element_type=\"widget\" data-e-type=\"widget\" data-widget_type=\"text-editor.default\">\n\t\t\t\t<div class=\"elementor-widget-container\">\n\t\t\t\t\t\t\t\t\t<h5>Dans notre pays, les personnes malades n'ont g\u00e9n\u00e9ralement pas \u00e0 s'inqui\u00e9ter outre mesure. La consultation d'un m\u00e9decin g\u00e9n\u00e9raliste est facile et abordable. Ce n'est pas le cas partout dans le monde. Les syst\u00e8mes de soins de sant\u00e9 n\u00e9cessitent beaucoup d'argent et d'\u00e9nergie et sont diff\u00e9rents partout. Comment fonctionnent exactement les soins de sant\u00e9 ? Quels sont les \u00e9l\u00e9ments essentiels d'un syst\u00e8me performant ? Et comment les pays peuvent-ils se renforcer mutuellement dans ce domaine ? Cette EDUbox Sant\u00e9 aborde ce sujet adapt\u00e9 aux \u00e9l\u00e8ves de l'enseignement secondaire et sensibilise les jeunes aux diff\u00e9rents syst\u00e8mes de sant\u00e9 dans le monde.<\/h5>\t\t\t\t\t\t\t\t<\/div>\n\t\t\t\t<\/div>\n\t\t\t\t<div class=\"elementor-element elementor-element-2e6ac8e elementor-widget elementor-widget-image\" data-id=\"2e6ac8e\" data-element_type=\"widget\" data-e-type=\"widget\" data-widget_type=\"image.default\">\n\t\t\t\t<div class=\"elementor-widget-container\">\n\t\t\t\t\t\t\t\t\t\t\t\t\t\t\t\t<a href=\"https:\/\/www.vrt.be\/vrtnws\/nl\/2022\/09\/26\/gezondheidszorg\/interactieve-video\/\">\n\t\t\t\t\t\t\t<img loading=\"lazy\" decoding=\"async\" width=\"800\" height=\"671\" src=\"https:\/\/supernils.be\/wp-content\/uploads\/2024\/10\/Gezondheidszorg.png\" class=\"attachment-large size-large wp-image-17150\" alt=\"\" srcset=\"https:\/\/supernils.be\/wp-content\/uploads\/2024\/10\/Gezondheidszorg.png 940w, https:\/\/supernils.be\/wp-content\/uploads\/2024\/10\/Gezondheidszorg-300x251.png 300w, https:\/\/supernils.be\/wp-content\/uploads\/2024\/10\/Gezondheidszorg-768x644.png 768w, https:\/\/supernils.be\/wp-content\/uploads\/2024\/10\/Gezondheidszorg-14x12.png 14w, https:\/\/supernils.be\/wp-content\/uploads\/2024\/10\/Gezondheidszorg-299x251.png 299w, https:\/\/supernils.be\/wp-content\/uploads\/2024\/10\/Gezondheidszorg-572x480.png 572w\" sizes=\"(max-width: 800px) 100vw, 800px\" \/>\t\t\t\t\t\t\t\t<\/a>\n\t\t\t\t\t\t\t\t\t\t\t\t\t\t\t<\/div>\n\t\t\t\t<\/div>\n\t\t\t\t<div class=\"elementor-element elementor-element-0eab5b6 elementor-widget elementor-widget-text-editor\" data-id=\"0eab5b6\" data-element_type=\"widget\" data-e-type=\"widget\" data-widget_type=\"text-editor.default\">\n\t\t\t\t<div class=\"elementor-widget-container\">\n\t\t\t\t\t\t\t\t\t<h5>Dans l'EDUbox \"Sant\u00e9 : la science au service d'une relation durable entre l'homme, l'animal et la plan\u00e8te\", les jeunes d\u00e9couvrent ce qui se passe sur notre plan\u00e8te. Car il ne fait aucun doute qu'il se passe quelque chose : les catastrophes naturelles semblent se succ\u00e9der. Mais quels sont les facteurs \u00e0 l'origine de ces changements majeurs ? Et quel est l'impact de ces ph\u00e9nom\u00e8nes sur la sant\u00e9 des hommes, des animaux et de la plan\u00e8te ? L'homme fait face \u00e0 des d\u00e9fis majeurs et invente des solutions pour lesquelles la science et la coop\u00e9ration sont cruciales.<\/h5>\t\t\t\t\t\t\t\t<\/div>\n\t\t\t\t<\/div>\n\t\t\t\t<div class=\"elementor-element elementor-element-70526b5 elementor-widget elementor-widget-image\" data-id=\"70526b5\" data-element_type=\"widget\" data-e-type=\"widget\" data-widget_type=\"image.default\">\n\t\t\t\t<div class=\"elementor-widget-container\">\n\t\t\t\t\t\t\t\t\t\t\t\t\t\t\t\t<a href=\"https:\/\/www.vrt.be\/vrtnws\/nl\/2022\/02\/25\/gezondheid\/interactieve-video\/\">\n\t\t\t\t\t\t\t<img loading=\"lazy\" decoding=\"async\" width=\"800\" height=\"671\" src=\"https:\/\/supernils.be\/wp-content\/uploads\/2024\/10\/Relatie-mens-dier-planeet.png\" class=\"attachment-large size-large wp-image-17151\" alt=\"\" srcset=\"https:\/\/supernils.be\/wp-content\/uploads\/2024\/10\/Relatie-mens-dier-planeet.png 940w, https:\/\/supernils.be\/wp-content\/uploads\/2024\/10\/Relatie-mens-dier-planeet-300x251.png 300w, https:\/\/supernils.be\/wp-content\/uploads\/2024\/10\/Relatie-mens-dier-planeet-768x644.png 768w, https:\/\/supernils.be\/wp-content\/uploads\/2024\/10\/Relatie-mens-dier-planeet-14x12.png 14w, https:\/\/supernils.be\/wp-content\/uploads\/2024\/10\/Relatie-mens-dier-planeet-299x251.png 299w, https:\/\/supernils.be\/wp-content\/uploads\/2024\/10\/Relatie-mens-dier-planeet-572x480.png 572w\" sizes=\"(max-width: 800px) 100vw, 800px\" \/>\t\t\t\t\t\t\t\t<\/a>\n\t\t\t\t\t\t\t\t\t\t\t\t\t\t\t<\/div>\n\t\t\t\t<\/div>\n\t\t\t\t\t<\/div>\n\t\t\t\t<\/div>\n\t\t<div class=\"elementor-element elementor-element-a27605c e-flex e-con-boxed e-con e-parent\" data-id=\"a27605c\" data-element_type=\"container\" data-e-type=\"container\" data-settings=\"{&quot;background_background&quot;:&quot;classic&quot;}\">\n\t\t\t\t\t<div class=\"e-con-inner\">\n\t\t\t\t<div class=\"elementor-element elementor-element-8732976 elementor-widget elementor-widget-spacer\" data-id=\"8732976\" data-element_type=\"widget\" data-e-type=\"widget\" data-widget_type=\"spacer.default\">\n\t\t\t\t<div class=\"elementor-widget-container\">\n\t\t\t\t\t\t\t<div class=\"elementor-spacer\">\n\t\t\t<div class=\"elementor-spacer-inner\"><\/div>\n\t\t<\/div>\n\t\t\t\t\t\t<\/div>\n\t\t\t\t<\/div>\n\t\t\t\t\t<\/div>\n\t\t\t\t<\/div>\n\t\t<div class=\"elementor-element elementor-element-9df0f9b e-grid e-con-boxed e-con e-parent\" data-id=\"9df0f9b\" data-element_type=\"container\" data-e-type=\"container\" data-settings=\"{&quot;background_background&quot;:&quot;classic&quot;}\">\n\t\t\t\t\t<div class=\"e-con-inner\">\n\t\t\t\t<div class=\"elementor-element elementor-element-a8ef953 elementor-widget elementor-widget-text-editor\" data-id=\"a8ef953\" data-element_type=\"widget\" data-e-type=\"widget\" data-widget_type=\"text-editor.default\">\n\t\t\t\t<div class=\"elementor-widget-container\">\n\t\t\t\t\t\t\t\t\t<h5>Avec l'EDUbox \"Identit\u00e9 : \u00eatre capable d'\u00eatre qui l'on est\", la VRT, en collaboration avec The Warmest Week, souhaite que ce sujet fascinant mais sensible puisse \u00eatre discut\u00e9 en classe. Les \u00e9l\u00e8ves d\u00e9couvrent \u00e9tape par \u00e9tape le processus de formation de leur identit\u00e9. Comment se forme notre image de soi et quels sont les facteurs qui influencent la fa\u00e7on dont nous nous percevons ? Tout le monde passe par ce processus, mais il ne se d\u00e9roule pas sans heurts pour tout le monde. Que faire si vous avez du mal \u00e0 \u00eatre vous-m\u00eame ? Et quel est l'impact des m\u00e9dias sociaux sur notre image de soi ? La formation de l'identit\u00e9 est l'histoire de chacun et cette EDUbox met l'accent sur la nuance et la connexion.\u00a0<\/h5>\t\t\t\t\t\t\t\t<\/div>\n\t\t\t\t<\/div>\n\t\t\t\t<div class=\"elementor-element elementor-element-3cc3e21 elementor-widget elementor-widget-image\" data-id=\"3cc3e21\" data-element_type=\"widget\" data-e-type=\"widget\" data-widget_type=\"image.default\">\n\t\t\t\t<div class=\"elementor-widget-container\">\n\t\t\t\t\t\t\t\t\t\t\t\t\t\t\t\t<a href=\"https:\/\/www.vrt.be\/vrtnws\/nl\/2021\/11\/15\/edubox-identiteit\/interactieve-video\/\">\n\t\t\t\t\t\t\t<img loading=\"lazy\" decoding=\"async\" width=\"800\" height=\"671\" src=\"https:\/\/supernils.be\/wp-content\/uploads\/2024\/10\/Identiteit.png\" class=\"attachment-large size-large wp-image-17152\" alt=\"\" srcset=\"https:\/\/supernils.be\/wp-content\/uploads\/2024\/10\/Identiteit.png 940w, https:\/\/supernils.be\/wp-content\/uploads\/2024\/10\/Identiteit-300x251.png 300w, https:\/\/supernils.be\/wp-content\/uploads\/2024\/10\/Identiteit-768x644.png 768w, https:\/\/supernils.be\/wp-content\/uploads\/2024\/10\/Identiteit-14x12.png 14w, https:\/\/supernils.be\/wp-content\/uploads\/2024\/10\/Identiteit-299x251.png 299w, https:\/\/supernils.be\/wp-content\/uploads\/2024\/10\/Identiteit-572x480.png 572w\" sizes=\"(max-width: 800px) 100vw, 800px\" \/>\t\t\t\t\t\t\t\t<\/a>\n\t\t\t\t\t\t\t\t\t\t\t\t\t\t\t<\/div>\n\t\t\t\t<\/div>\n\t\t\t\t<div class=\"elementor-element elementor-element-346bcd4 elementor-widget elementor-widget-text-editor\" data-id=\"346bcd4\" data-element_type=\"widget\" data-e-type=\"widget\" data-widget_type=\"text-editor.default\">\n\t\t\t\t<div class=\"elementor-widget-container\">\n\t\t\t\t\t\t\t\t\t<h5>Dans l'EDUbox \"Durabilit\u00e9 : construire l'avenir\", nous examinons de plus pr\u00e8s la consommation et la production durables. Comment pouvons-nous am\u00e9liorer le processus de production pour r\u00e9duire la pression sur l'environnement et le climat ? Et que pouvons-nous faire, en tant que consommateurs, pour contribuer \u00e0 une \u00e9conomie durable ? Cette EDUbox traite de l'\u00e9quilibre entre les personnes, la plan\u00e8te et le profit dans la nouvelle \u00e9conomie circulaire.<\/h5>\t\t\t\t\t\t\t\t<\/div>\n\t\t\t\t<\/div>\n\t\t\t\t<div class=\"elementor-element elementor-element-4c92eb2 elementor-widget elementor-widget-image\" data-id=\"4c92eb2\" data-element_type=\"widget\" data-e-type=\"widget\" data-widget_type=\"image.default\">\n\t\t\t\t<div class=\"elementor-widget-container\">\n\t\t\t\t\t\t\t\t\t\t\t\t\t\t\t\t<a href=\"https:\/\/www.vrt.be\/vrtnws\/nl\/2021\/09\/28\/duurzaamheid\/interactieve-video\/\">\n\t\t\t\t\t\t\t<img loading=\"lazy\" decoding=\"async\" width=\"800\" height=\"671\" src=\"https:\/\/supernils.be\/wp-content\/uploads\/2024\/10\/Duurzame-toekomst.png\" class=\"attachment-large size-large wp-image-17153\" alt=\"\" srcset=\"https:\/\/supernils.be\/wp-content\/uploads\/2024\/10\/Duurzame-toekomst.png 940w, https:\/\/supernils.be\/wp-content\/uploads\/2024\/10\/Duurzame-toekomst-300x251.png 300w, https:\/\/supernils.be\/wp-content\/uploads\/2024\/10\/Duurzame-toekomst-768x644.png 768w, https:\/\/supernils.be\/wp-content\/uploads\/2024\/10\/Duurzame-toekomst-14x12.png 14w, https:\/\/supernils.be\/wp-content\/uploads\/2024\/10\/Duurzame-toekomst-299x251.png 299w, https:\/\/supernils.be\/wp-content\/uploads\/2024\/10\/Duurzame-toekomst-572x480.png 572w\" sizes=\"(max-width: 800px) 100vw, 800px\" \/>\t\t\t\t\t\t\t\t<\/a>\n\t\t\t\t\t\t\t\t\t\t\t\t\t\t\t<\/div>\n\t\t\t\t<\/div>\n\t\t\t\t<div class=\"elementor-element elementor-element-4d9b17e elementor-widget elementor-widget-text-editor\" data-id=\"4d9b17e\" data-element_type=\"widget\" data-e-type=\"widget\" data-widget_type=\"text-editor.default\">\n\t\t\t\t<div class=\"elementor-widget-container\">\n\t\t\t\t\t\t\t\t\t<h5>Sur certaines questions, les tensions sont vives. On a alors l'impression qu'il n'y a qu'un camp \"pour\" et un camp \"contre\". Pourtant, tous les sujets devraient pouvoir \u00eatre abord\u00e9s en classe, y compris les sujets sensibles. Avec l'EDUbox Us-Side-Thinking, les \u00e9l\u00e8ves peuvent s'entra\u00eener \u00e0 g\u00e9rer les divergences d'opinion.<\/h5>\t\t\t\t\t\t\t\t<\/div>\n\t\t\t\t<\/div>\n\t\t\t\t<div class=\"elementor-element elementor-element-e5595c9 elementor-widget elementor-widget-image\" data-id=\"e5595c9\" data-element_type=\"widget\" data-e-type=\"widget\" data-widget_type=\"image.default\">\n\t\t\t\t<div class=\"elementor-widget-container\">\n\t\t\t\t\t\t\t\t\t\t\t\t\t\t\t\t<a href=\"https:\/\/www.vrt.be\/vrtnws\/nl\/2021\/04\/15\/edubox-wij-zij-denken\/interactieve-video\/\">\n\t\t\t\t\t\t\t<img loading=\"lazy\" decoding=\"async\" width=\"800\" height=\"671\" src=\"https:\/\/supernils.be\/wp-content\/uploads\/2024\/10\/Wij-zij.png\" class=\"attachment-large size-large wp-image-17154\" alt=\"\" srcset=\"https:\/\/supernils.be\/wp-content\/uploads\/2024\/10\/Wij-zij.png 940w, https:\/\/supernils.be\/wp-content\/uploads\/2024\/10\/Wij-zij-300x251.png 300w, https:\/\/supernils.be\/wp-content\/uploads\/2024\/10\/Wij-zij-768x644.png 768w, https:\/\/supernils.be\/wp-content\/uploads\/2024\/10\/Wij-zij-14x12.png 14w, https:\/\/supernils.be\/wp-content\/uploads\/2024\/10\/Wij-zij-299x251.png 299w, https:\/\/supernils.be\/wp-content\/uploads\/2024\/10\/Wij-zij-572x480.png 572w\" sizes=\"(max-width: 800px) 100vw, 800px\" \/>\t\t\t\t\t\t\t\t<\/a>\n\t\t\t\t\t\t\t\t\t\t\t\t\t\t\t<\/div>\n\t\t\t\t<\/div>\n\t\t\t\t<div class=\"elementor-element elementor-element-9ad11ec elementor-widget elementor-widget-text-editor\" data-id=\"9ad11ec\" data-element_type=\"widget\" data-e-type=\"widget\" data-widget_type=\"text-editor.default\">\n\t\t\t\t<div class=\"elementor-widget-container\">\n\t\t\t\t\t\t\t\t\t<h5>La culture ne se r\u00e9sume pas \u00e0 la Joconde et \u00e0 Shakespeare. La culture, c'est aussi la mode, la danse, la musique, les jeux et m\u00eame les math\u00e9matiques. Mais pourquoi la culture est-elle si importante ? Et comment pouvons-nous accro\u00eetre notre sensibilit\u00e9 culturelle ? L'EDUbox Culture vise \u00e0 sensibiliser les jeunes \u00e0 la culture et \u00e0 \u00e9largir leur vision du monde.<\/h5>\t\t\t\t\t\t\t\t<\/div>\n\t\t\t\t<\/div>\n\t\t\t\t<div class=\"elementor-element elementor-element-f6dfa36 elementor-widget elementor-widget-image\" data-id=\"f6dfa36\" data-element_type=\"widget\" data-e-type=\"widget\" data-widget_type=\"image.default\">\n\t\t\t\t<div class=\"elementor-widget-container\">\n\t\t\t\t\t\t\t\t\t\t\t\t\t\t\t\t<a href=\"https:\/\/www.vrt.be\/vrtnws\/nl\/2021\/03\/11\/edubox-cultuur\/interactieve-video\/\">\n\t\t\t\t\t\t\t<img loading=\"lazy\" decoding=\"async\" width=\"800\" height=\"671\" src=\"https:\/\/supernils.be\/wp-content\/uploads\/2024\/10\/cultuur-blik-op-de-wereld.png\" class=\"attachment-large size-large wp-image-17155\" alt=\"\" srcset=\"https:\/\/supernils.be\/wp-content\/uploads\/2024\/10\/cultuur-blik-op-de-wereld.png 940w, https:\/\/supernils.be\/wp-content\/uploads\/2024\/10\/cultuur-blik-op-de-wereld-300x251.png 300w, https:\/\/supernils.be\/wp-content\/uploads\/2024\/10\/cultuur-blik-op-de-wereld-768x644.png 768w, https:\/\/supernils.be\/wp-content\/uploads\/2024\/10\/cultuur-blik-op-de-wereld-14x12.png 14w, https:\/\/supernils.be\/wp-content\/uploads\/2024\/10\/cultuur-blik-op-de-wereld-299x251.png 299w, https:\/\/supernils.be\/wp-content\/uploads\/2024\/10\/cultuur-blik-op-de-wereld-572x480.png 572w\" sizes=\"(max-width: 800px) 100vw, 800px\" \/>\t\t\t\t\t\t\t\t<\/a>\n\t\t\t\t\t\t\t\t\t\t\t\t\t\t\t<\/div>\n\t\t\t\t<\/div>\n\t\t\t\t<div class=\"elementor-element elementor-element-1b85667 elementor-widget elementor-widget-text-editor\" data-id=\"1b85667\" data-element_type=\"widget\" data-e-type=\"widget\" data-widget_type=\"text-editor.default\">\n\t\t\t\t<div class=\"elementor-widget-container\">\n\t\t\t\t\t\t\t\t\t<h5>Que ce soit pour aller \u00e0 l'\u00e9cole, au club de sport ou pour rendre visite \u00e0 la famille ou aux amis, nous nous d\u00e9pla\u00e7ons plusieurs fois par jour. La mobilit\u00e9 joue donc un r\u00f4le important dans notre vie. Pourtant, la Flandre conna\u00eet de nombreux probl\u00e8mes de circulation. Cette EDUbox aide les \u00e9l\u00e8ves \u00e0 faire des choix pour une solution durable en mati\u00e8re de circulation.<\/h5>\t\t\t\t\t\t\t\t<\/div>\n\t\t\t\t<\/div>\n\t\t\t\t<div class=\"elementor-element elementor-element-ce65253 elementor-widget elementor-widget-image\" data-id=\"ce65253\" data-element_type=\"widget\" data-e-type=\"widget\" data-widget_type=\"image.default\">\n\t\t\t\t<div class=\"elementor-widget-container\">\n\t\t\t\t\t\t\t\t\t\t\t\t\t\t\t\t<a href=\"https:\/\/www.vrt.be\/vrtnws\/nl\/2020\/11\/18\/edubox-mobiliteit\/mobiliteit-interactieve-les\/\">\n\t\t\t\t\t\t\t<img loading=\"lazy\" decoding=\"async\" width=\"800\" height=\"671\" src=\"https:\/\/supernils.be\/wp-content\/uploads\/2024\/10\/mobiliteit-ontknoping.png\" class=\"attachment-large size-large wp-image-17156\" alt=\"\" srcset=\"https:\/\/supernils.be\/wp-content\/uploads\/2024\/10\/mobiliteit-ontknoping.png 940w, https:\/\/supernils.be\/wp-content\/uploads\/2024\/10\/mobiliteit-ontknoping-300x251.png 300w, https:\/\/supernils.be\/wp-content\/uploads\/2024\/10\/mobiliteit-ontknoping-768x644.png 768w, https:\/\/supernils.be\/wp-content\/uploads\/2024\/10\/mobiliteit-ontknoping-14x12.png 14w, https:\/\/supernils.be\/wp-content\/uploads\/2024\/10\/mobiliteit-ontknoping-299x251.png 299w, https:\/\/supernils.be\/wp-content\/uploads\/2024\/10\/mobiliteit-ontknoping-572x480.png 572w\" sizes=\"(max-width: 800px) 100vw, 800px\" \/>\t\t\t\t\t\t\t\t<\/a>\n\t\t\t\t\t\t\t\t\t\t\t\t\t\t\t<\/div>\n\t\t\t\t<\/div>\n\t\t\t\t<div class=\"elementor-element elementor-element-76da811 elementor-widget elementor-widget-text-editor\" data-id=\"76da811\" data-element_type=\"widget\" data-e-type=\"widget\" data-widget_type=\"text-editor.default\">\n\t\t\t\t<div class=\"elementor-widget-container\">\n\t\t\t\t\t\t\t\t\t<h5>Les jeunes sont accapar\u00e9s par les m\u00e9dias sociaux. Mais pourquoi sont-ils si populaires ? Et qu'est-ce qui explique leur attrait ? Avec cette EDUbox, les \u00e9l\u00e8ves plongent dans les coulisses des m\u00e9dias sociaux.<\/h5>\t\t\t\t\t\t\t\t<\/div>\n\t\t\t\t<\/div>\n\t\t\t\t<div class=\"elementor-element elementor-element-b417ecf elementor-widget elementor-widget-image\" data-id=\"b417ecf\" data-element_type=\"widget\" data-e-type=\"widget\" data-widget_type=\"image.default\">\n\t\t\t\t<div class=\"elementor-widget-container\">\n\t\t\t\t\t\t\t\t\t\t\t\t\t\t\t\t<a href=\"https:\/\/www.vrt.be\/vrtnws\/nl\/2020\/09\/29\/edubox-sociale-media\/sociale-media-interactieve-les\/\">\n\t\t\t\t\t\t\t<img loading=\"lazy\" decoding=\"async\" width=\"800\" height=\"671\" src=\"https:\/\/supernils.be\/wp-content\/uploads\/2024\/10\/Sociale-media-achter-de-schermen.png\" class=\"attachment-large size-large wp-image-17157\" alt=\"\" srcset=\"https:\/\/supernils.be\/wp-content\/uploads\/2024\/10\/Sociale-media-achter-de-schermen.png 940w, https:\/\/supernils.be\/wp-content\/uploads\/2024\/10\/Sociale-media-achter-de-schermen-300x251.png 300w, https:\/\/supernils.be\/wp-content\/uploads\/2024\/10\/Sociale-media-achter-de-schermen-768x644.png 768w, https:\/\/supernils.be\/wp-content\/uploads\/2024\/10\/Sociale-media-achter-de-schermen-14x12.png 14w, https:\/\/supernils.be\/wp-content\/uploads\/2024\/10\/Sociale-media-achter-de-schermen-299x251.png 299w, https:\/\/supernils.be\/wp-content\/uploads\/2024\/10\/Sociale-media-achter-de-schermen-572x480.png 572w\" sizes=\"(max-width: 800px) 100vw, 800px\" \/>\t\t\t\t\t\t\t\t<\/a>\n\t\t\t\t\t\t\t\t\t\t\t\t\t\t\t<\/div>\n\t\t\t\t<\/div>\n\t\t\t\t<div class=\"elementor-element elementor-element-210cb9b elementor-widget elementor-widget-text-editor\" data-id=\"210cb9b\" data-element_type=\"widget\" data-e-type=\"widget\" data-widget_type=\"text-editor.default\">\n\t\t\t\t<div class=\"elementor-widget-container\">\n\t\t\t\t\t\t\t\t\t<h5>O\u00f9 se trouve l'argent dans le monde et comment fonctionne notre syst\u00e8me \u00e9conomique ? Avec cette EDUbox, les \u00e9l\u00e8ves d\u00e9couvrent le r\u00f4le des diff\u00e9rents acteurs de l'\u00e9conomie.<\/h5>\t\t\t\t\t\t\t\t<\/div>\n\t\t\t\t<\/div>\n\t\t\t\t<div class=\"elementor-element elementor-element-7995293 elementor-widget elementor-widget-image\" data-id=\"7995293\" data-element_type=\"widget\" data-e-type=\"widget\" data-widget_type=\"image.default\">\n\t\t\t\t<div class=\"elementor-widget-container\">\n\t\t\t\t\t\t\t\t\t\t\t\t\t\t\t\t<a href=\"https:\/\/www.vrt.be\/vrtnws\/nl\/2020\/05\/13\/geld-in-de-wereld\/interactieve-videoles\/\">\n\t\t\t\t\t\t\t<img loading=\"lazy\" decoding=\"async\" width=\"800\" height=\"671\" src=\"https:\/\/supernils.be\/wp-content\/uploads\/2024\/10\/Geld-in-de-wereld.png\" class=\"attachment-large size-large wp-image-17158\" alt=\"\" srcset=\"https:\/\/supernils.be\/wp-content\/uploads\/2024\/10\/Geld-in-de-wereld.png 940w, https:\/\/supernils.be\/wp-content\/uploads\/2024\/10\/Geld-in-de-wereld-300x251.png 300w, https:\/\/supernils.be\/wp-content\/uploads\/2024\/10\/Geld-in-de-wereld-768x644.png 768w, https:\/\/supernils.be\/wp-content\/uploads\/2024\/10\/Geld-in-de-wereld-14x12.png 14w, https:\/\/supernils.be\/wp-content\/uploads\/2024\/10\/Geld-in-de-wereld-299x251.png 299w, https:\/\/supernils.be\/wp-content\/uploads\/2024\/10\/Geld-in-de-wereld-572x480.png 572w\" sizes=\"(max-width: 800px) 100vw, 800px\" \/>\t\t\t\t\t\t\t\t<\/a>\n\t\t\t\t\t\t\t\t\t\t\t\t\t\t\t<\/div>\n\t\t\t\t<\/div>\n\t\t\t\t<div class=\"elementor-element elementor-element-0084a14 elementor-widget elementor-widget-text-editor\" data-id=\"0084a14\" data-element_type=\"widget\" data-e-type=\"widget\" data-widget_type=\"text-editor.default\">\n\t\t\t\t<div class=\"elementor-widget-container\">\n\t\t\t\t\t\t\t\t\t<h5>L'EDUbox L'argent et moi traite de l'importance de l'argent dans la vie. Il incite les \u00e9l\u00e8ves \u00e0 r\u00e9fl\u00e9chir et \u00e0 discuter entre eux de la valeur de l'argent et d'autres choses dans la vie.<\/h5>\t\t\t\t\t\t\t\t<\/div>\n\t\t\t\t<\/div>\n\t\t\t\t<div class=\"elementor-element elementor-element-de91f7a elementor-widget elementor-widget-image\" data-id=\"de91f7a\" data-element_type=\"widget\" data-e-type=\"widget\" data-widget_type=\"image.default\">\n\t\t\t\t<div class=\"elementor-widget-container\">\n\t\t\t\t\t\t\t\t\t\t\t\t\t\t\t\t<a href=\"https:\/\/www.vrt.be\/vrtnws\/nl\/2020\/05\/13\/geld-en-ik\/interactieve-videoles\/\">\n\t\t\t\t\t\t\t<img loading=\"lazy\" decoding=\"async\" width=\"800\" height=\"671\" src=\"https:\/\/supernils.be\/wp-content\/uploads\/2024\/10\/Geld-en-ik.png\" class=\"attachment-large size-large wp-image-17159\" alt=\"\" srcset=\"https:\/\/supernils.be\/wp-content\/uploads\/2024\/10\/Geld-en-ik.png 940w, https:\/\/supernils.be\/wp-content\/uploads\/2024\/10\/Geld-en-ik-300x251.png 300w, https:\/\/supernils.be\/wp-content\/uploads\/2024\/10\/Geld-en-ik-768x644.png 768w, https:\/\/supernils.be\/wp-content\/uploads\/2024\/10\/Geld-en-ik-14x12.png 14w, https:\/\/supernils.be\/wp-content\/uploads\/2024\/10\/Geld-en-ik-299x251.png 299w, https:\/\/supernils.be\/wp-content\/uploads\/2024\/10\/Geld-en-ik-572x480.png 572w\" sizes=\"(max-width: 800px) 100vw, 800px\" \/>\t\t\t\t\t\t\t\t<\/a>\n\t\t\t\t\t\t\t\t\t\t\t\t\t\t\t<\/div>\n\t\t\t\t<\/div>\n\t\t\t\t<div class=\"elementor-element elementor-element-d73c921 elementor-widget elementor-widget-text-editor\" data-id=\"d73c921\" data-element_type=\"widget\" data-e-type=\"widget\" data-widget_type=\"text-editor.default\">\n\t\t\t\t<div class=\"elementor-widget-container\">\n\t\t\t\t\t\t\t\t\t<p>La vid\u00e9o interactive sur l'intelligence artificielle est destin\u00e9e\u00a0<b>pour les \u00e9l\u00e8ves de l'enseignement secondaire<\/b>. Ils peuvent suivre cette le\u00e7on individuellement et au moment de leur choix. Bram Vandeputte, journaliste de VRT NWS, explique les principes de l'IA dans cette le\u00e7on et fait r\u00e9fl\u00e9chir les \u00e9l\u00e8ves \u00e0 l'impact de l'IA sur la soci\u00e9t\u00e9.<\/p><p>L'intelligence artificielle EDUbox est\u00a0<b>une collaboration entre\u00a0<a href=\"https:\/\/www.vrt.be\/nl\">VRT<\/a>\u00a0avec\u00a0<a href=\"https:\/\/www.brightlab.be\/\">Brightlab<\/a>,\u00a0<a href=\"https:\/\/www.imec.be\/nl\">imec<\/a>,\u00a0<a href=\"https:\/\/data-en-maatschappij.ai\/\">Centre de connaissances Donn\u00e9es et soci\u00e9t\u00e9<\/a>,\u00a0<a href=\"https:\/\/amai.vlaanderen\/\">amai<\/a>\u00a0et\u00a0<a href=\"https:\/\/www.mediawijs.be\/nl\">Connaisseur des m\u00e9dias<\/a><\/b>.<\/p><p>L'EDUbox est n\u00e9e en partie\u00a0<b>dans le cadre du projet europ\u00e9en\u00a0<a href=\"https:\/\/benedmo.eu\/\">Benedmo<\/a>cofinanc\u00e9 par l'Union europ\u00e9enne<\/b>. Benedmo rassemble un r\u00e9seau d'expertise autour de la d\u00e9sinformation et du fact-checking. Gr\u00e2ce \u00e0 une collaboration flamande-n\u00e9erlandaise, nous offrons une r\u00e9sistance \u00e0 l'impact et aux d\u00e9fis de la d\u00e9sinformation.<\/p>\t\t\t\t\t\t\t\t<\/div>\n\t\t\t\t<\/div>\n\t\t\t\t<div class=\"elementor-element elementor-element-447ff02 elementor-widget elementor-widget-image\" data-id=\"447ff02\" data-element_type=\"widget\" data-e-type=\"widget\" data-widget_type=\"image.default\">\n\t\t\t\t<div class=\"elementor-widget-container\">\n\t\t\t\t\t\t\t\t\t\t\t\t\t\t\t\t<a href=\"https:\/\/www.vrt.be\/vrtnws\/nl\/2019\/09\/17\/artificiele-intelligentie\/bekijk-hier-de-interactieve-videoles-over-artificiele-intelligen\/\">\n\t\t\t\t\t\t\t<img loading=\"lazy\" decoding=\"async\" width=\"800\" height=\"671\" src=\"https:\/\/supernils.be\/wp-content\/uploads\/2024\/10\/AI-.png\" class=\"attachment-large size-large wp-image-18494\" alt=\"\" srcset=\"https:\/\/supernils.be\/wp-content\/uploads\/2024\/10\/AI-.png 940w, https:\/\/supernils.be\/wp-content\/uploads\/2024\/10\/AI--300x251.png 300w, https:\/\/supernils.be\/wp-content\/uploads\/2024\/10\/AI--768x644.png 768w, https:\/\/supernils.be\/wp-content\/uploads\/2024\/10\/AI--14x12.png 14w, https:\/\/supernils.be\/wp-content\/uploads\/2024\/10\/AI--299x251.png 299w, https:\/\/supernils.be\/wp-content\/uploads\/2024\/10\/AI--572x480.png 572w\" sizes=\"(max-width: 800px) 100vw, 800px\" \/>\t\t\t\t\t\t\t\t<\/a>\n\t\t\t\t\t\t\t\t\t\t\t\t\t\t\t<\/div>\n\t\t\t\t<\/div>\n\t\t\t\t<div class=\"elementor-element elementor-element-4422406 elementor-widget elementor-widget-text-editor\" data-id=\"4422406\" data-element_type=\"widget\" data-e-type=\"widget\" data-widget_type=\"text-editor.default\">\n\t\t\t\t<div class=\"elementor-widget-container\">\n\t\t\t\t\t\t\t\t\t<p>La vid\u00e9o interactive sur la conscience historique est destin\u00e9e\u00a0<b>pour les \u00e9l\u00e8ves de l'enseignement secondaire<\/b>. Ils peuvent suivre ce cours individuellement et au moment de leur choix.<\/p><p>Loubna Khalkhali, journaliste de VRT NWS, explique dans cette le\u00e7on comment les histoires historiques sont cr\u00e9\u00e9es et ce qui se passe lorsque l'on regarde le pass\u00e9 avec une perspective diff\u00e9rente.<\/p><p>L'EDUbox Historical Awareness est le fruit d'une collaboration entre\u00a0<a href=\"https:\/\/www.vrt.be\/nl\">VRT<\/a>\u00a0avec\u00a0<a href=\"https:\/\/www.antwerpen.be\/nl\/overzicht\/erfgoedlab-antwerpen\/nieuws\">HeritageLab Anvers<\/a>,\u00a0<a href=\"https:\/\/faro.be\/\">FARO<\/a>,\u00a0<a href=\"https:\/\/www.kuleuven.be\/kuleuven\/\">KU Leuven<\/a>,\u00a0<a href=\"https:\/\/www.ugent.be\/\">UGent<\/a>\u00a0et l'historienne Tina De Gendt. L'outil interactif de cette EDUbox a \u00e9t\u00e9 d\u00e9velopp\u00e9 par\u00a0<a href=\"https:\/\/treecompany.be\/\">Entreprise d'arboriculture<\/a>.<\/p>\t\t\t\t\t\t\t\t<\/div>\n\t\t\t\t<\/div>\n\t\t\t\t<div class=\"elementor-element elementor-element-372d2fa elementor-widget elementor-widget-image\" data-id=\"372d2fa\" data-element_type=\"widget\" data-e-type=\"widget\" data-widget_type=\"image.default\">\n\t\t\t\t<div class=\"elementor-widget-container\">\n\t\t\t\t\t\t\t\t\t\t\t\t\t\t\t\t<a href=\"https:\/\/www.vrt.be\/vrtnws\/nl\/2024\/05\/03\/edubox-historisch-bewustzijn\/bekijk-hier-de-interactieve-videoles-van-historisch-bewustzijn\/?utm_source=vrtnws&#038;utm_medium=email&#038;utm_campaign=vrt-nws-edubox&#038;utm_content=107520&#038;utm_term=20306554\">\n\t\t\t\t\t\t\t<img loading=\"lazy\" decoding=\"async\" width=\"800\" height=\"671\" src=\"https:\/\/supernils.be\/wp-content\/uploads\/2024\/10\/Historisch-bewustzijn.png\" class=\"attachment-large size-large wp-image-18907\" alt=\"\" srcset=\"https:\/\/supernils.be\/wp-content\/uploads\/2024\/10\/Historisch-bewustzijn.png 940w, https:\/\/supernils.be\/wp-content\/uploads\/2024\/10\/Historisch-bewustzijn-300x251.png 300w, https:\/\/supernils.be\/wp-content\/uploads\/2024\/10\/Historisch-bewustzijn-768x644.png 768w, https:\/\/supernils.be\/wp-content\/uploads\/2024\/10\/Historisch-bewustzijn-14x12.png 14w, https:\/\/supernils.be\/wp-content\/uploads\/2024\/10\/Historisch-bewustzijn-299x251.png 299w, https:\/\/supernils.be\/wp-content\/uploads\/2024\/10\/Historisch-bewustzijn-572x480.png 572w\" sizes=\"(max-width: 800px) 100vw, 800px\" \/>\t\t\t\t\t\t\t\t<\/a>\n\t\t\t\t\t\t\t\t\t\t\t\t\t\t\t<\/div>\n\t\t\t\t<\/div>\n\t\t\t\t<div class=\"elementor-element elementor-element-f471892 elementor-widget elementor-widget-text-editor\" data-id=\"f471892\" data-element_type=\"widget\" data-e-type=\"widget\" data-widget_type=\"text-editor.default\">\n\t\t\t\t<div class=\"elementor-widget-container\">\n\t\t\t\t\t\t\t\t\t<p>La vid\u00e9o interactive sur le harc\u00e8lement en ligne est destin\u00e9e \u00e0\u00a0<b>pour les \u00e9l\u00e8ves de l'enseignement secondaire<\/b>. Ils peuvent suivre cette le\u00e7on individuellement et au moment de leur choix. Dans cette le\u00e7on vid\u00e9o, la journaliste de Nws.nws Louise Hoedt explique comment reconna\u00eetre, pr\u00e9venir et arr\u00eater le harc\u00e8lement en ligne. \u00c0 l'aide d'un outil interactif, les jeunes mettent ensuite en pratique les strat\u00e9gies apprises.<\/p><p>Cette EDUbox est le r\u00e9sultat d'une collaboration entre\u00a0<a href=\"https:\/\/www.vrt.be\/vrtnws\/nl\/2024\/09\/02\/online-pesten\/videoles\/vrt.be\" target=\"_blank\" rel=\"noopener\">VRT<\/a>\u00a0et le\u00a0<a href=\"https:\/\/www.vlaanderen.be\/\">Gouvernement flamand<\/a>,\u00a0<a href=\"https:\/\/www.mediawijs.be\/nl\">Connaisseur des m\u00e9dias<\/a>,\u00a0<a href=\"https:\/\/www.imec.be\/nl\">imec<\/a>,\u00a0<a href=\"https:\/\/www.pimento.be\/\">Pimento<\/a>,\u00a0<a href=\"https:\/\/www.scholierenkoepel.be\/\">Coupole des savants<\/a>VRT STIP IT et le\u00a0<a href=\"https:\/\/kieskleurtegenpesten.be\/\">Le r\u00e9seau flamand choisit la couleur contre le harc\u00e8lement<\/a>. L'outil interactif a \u00e9t\u00e9 d\u00e9velopp\u00e9 par\u00a0<a href=\"https:\/\/treecompany.be\/\">Entreprise d'arboriculture<\/a>.<\/p>\t\t\t\t\t\t\t\t<\/div>\n\t\t\t\t<\/div>\n\t\t\t\t<div class=\"elementor-element elementor-element-72fd502 elementor-widget elementor-widget-image\" data-id=\"72fd502\" data-element_type=\"widget\" data-e-type=\"widget\" data-widget_type=\"image.default\">\n\t\t\t\t<div class=\"elementor-widget-container\">\n\t\t\t\t\t\t\t\t\t\t\t\t\t\t\t\t<a href=\"https:\/\/www.vrt.be\/vrtnws\/nl\/2024\/09\/02\/online-pesten\/videoles\/?utm_source=vrtnws&#038;utm_medium=email&#038;utm_campaign=vrt-nws-edubox&#038;utm_content=107520&#038;utm_term=20306554\">\n\t\t\t\t\t\t\t<img loading=\"lazy\" decoding=\"async\" width=\"800\" height=\"671\" src=\"https:\/\/supernils.be\/wp-content\/uploads\/2024\/10\/Online-pesten.png\" class=\"attachment-large size-large wp-image-18915\" alt=\"\" srcset=\"https:\/\/supernils.be\/wp-content\/uploads\/2024\/10\/Online-pesten.png 940w, https:\/\/supernils.be\/wp-content\/uploads\/2024\/10\/Online-pesten-300x251.png 300w, https:\/\/supernils.be\/wp-content\/uploads\/2024\/10\/Online-pesten-768x644.png 768w, https:\/\/supernils.be\/wp-content\/uploads\/2024\/10\/Online-pesten-14x12.png 14w, https:\/\/supernils.be\/wp-content\/uploads\/2024\/10\/Online-pesten-299x251.png 299w, https:\/\/supernils.be\/wp-content\/uploads\/2024\/10\/Online-pesten-572x480.png 572w\" sizes=\"(max-width: 800px) 100vw, 800px\" \/>\t\t\t\t\t\t\t\t<\/a>\n\t\t\t\t\t\t\t\t\t\t\t\t\t\t\t<\/div>\n\t\t\t\t<\/div>\n\t\t\t\t<div class=\"elementor-element elementor-element-4f002e9 elementor-widget elementor-widget-text-editor\" data-id=\"4f002e9\" data-element_type=\"widget\" data-e-type=\"widget\" data-widget_type=\"text-editor.default\">\n\t\t\t\t<div class=\"elementor-widget-container\">\n\t\t\t\t\t\t\t\t\t<p>La vid\u00e9o interactive sur l'homme et la technologie est destin\u00e9e\u00a0<b>pour les \u00e9l\u00e8ves de l'enseignement secondaire<\/b>. Ils peuvent suivre cette le\u00e7on individuellement et au moment de leur choix. Tim Verheyden, journaliste de VRT NWS, pr\u00e9sente aux \u00e9l\u00e8ves les possibilit\u00e9s et les d\u00e9fis de la technologie des puces dans cette le\u00e7on.<\/p><p>Cette EDUbox est le fruit d'une collaboration entre\u00a0<a href=\"https:\/\/www.vrt.be\/nl\/over-ons\/onze-opdracht\/missie-en-waarden\/themas\/educatie\"><b>VRT<\/b><\/a>\u00a0avec\u00a0<a href=\"https:\/\/www.brightlab.be\/\"><b>Brightlab<\/b><\/a>\u00a0et\u00a0<a href=\"https:\/\/www.imec.be\/nl\"><b>imec<\/b><\/a>Les outils interactifs ont \u00e9t\u00e9 mis au point par la VRT \u00e0 l'occasion du quaranti\u00e8me anniversaire de l'imec, un laboratoire de recherche de premier plan sur la technologie des micropuces, situ\u00e9 \u00e0 Louvain. Les outils interactifs ont \u00e9t\u00e9 d\u00e9velopp\u00e9s par la VRT et\u00a0<a href=\"https:\/\/treecompany.be\/\"><b>Entreprise d'arboriculture<\/b><\/a>.<\/p>\t\t\t\t\t\t\t\t<\/div>\n\t\t\t\t<\/div>\n\t\t\t\t<div class=\"elementor-element elementor-element-a4f7f6c elementor-widget elementor-widget-image\" data-id=\"a4f7f6c\" data-element_type=\"widget\" data-e-type=\"widget\" data-widget_type=\"image.default\">\n\t\t\t\t<div class=\"elementor-widget-container\">\n\t\t\t\t\t\t\t\t\t\t\t\t\t\t\t\t<a href=\"https:\/\/www.vrt.be\/vrtnws\/nl\/2024\/11\/18\/edubox-technologie\/videoles\/?utm_source=vrtnws&#038;utm_medium=email&#038;utm_campaign=vrt-nws-edubox&#038;utm_content=107520&#038;utm_term=20306554\">\n\t\t\t\t\t\t\t<img loading=\"lazy\" decoding=\"async\" width=\"800\" height=\"671\" src=\"https:\/\/supernils.be\/wp-content\/uploads\/2024\/10\/Microchips.png\" class=\"attachment-large size-large wp-image-18919\" alt=\"\" srcset=\"https:\/\/supernils.be\/wp-content\/uploads\/2024\/10\/Microchips.png 940w, https:\/\/supernils.be\/wp-content\/uploads\/2024\/10\/Microchips-300x251.png 300w, https:\/\/supernils.be\/wp-content\/uploads\/2024\/10\/Microchips-768x644.png 768w, https:\/\/supernils.be\/wp-content\/uploads\/2024\/10\/Microchips-14x12.png 14w, https:\/\/supernils.be\/wp-content\/uploads\/2024\/10\/Microchips-299x251.png 299w, https:\/\/supernils.be\/wp-content\/uploads\/2024\/10\/Microchips-572x480.png 572w\" sizes=\"(max-width: 800px) 100vw, 800px\" \/>\t\t\t\t\t\t\t\t<\/a>\n\t\t\t\t\t\t\t\t\t\t\t\t\t\t\t<\/div>\n\t\t\t\t<\/div>\n\t\t\t\t\t<\/div>\n\t\t\t\t<\/div>\n\t\t<div class=\"elementor-element elementor-element-f86de57 e-flex e-con-boxed e-con e-parent\" data-id=\"f86de57\" data-element_type=\"container\" data-e-type=\"container\" data-settings=\"{&quot;background_background&quot;:&quot;classic&quot;}\">\n\t\t\t\t\t<div class=\"e-con-inner\">\n\t\t\t\t<div class=\"elementor-element elementor-element-33e8d7c elementor-widget elementor-widget-spacer\" data-id=\"33e8d7c\" data-element_type=\"widget\" data-e-type=\"widget\" data-widget_type=\"spacer.default\">\n\t\t\t\t<div class=\"elementor-widget-container\">\n\t\t\t\t\t\t\t<div class=\"elementor-spacer\">\n\t\t\t<div class=\"elementor-spacer-inner\"><\/div>\n\t\t<\/div>\n\t\t\t\t\t\t<\/div>\n\t\t\t\t<\/div>\n\t\t\t\t\t<\/div>\n\t\t\t\t<\/div>\n\t\t<div class=\"elementor-element elementor-element-d845673 e-grid e-con-boxed e-con e-parent\" data-id=\"d845673\" data-element_type=\"container\" data-e-type=\"container\" data-settings=\"{&quot;background_background&quot;:&quot;classic&quot;}\">\n\t\t\t\t\t<div class=\"e-con-inner\">\n\t\t\t\t<div class=\"elementor-element elementor-element-b5f2c32 elementor-widget elementor-widget-text-editor\" data-id=\"b5f2c32\" data-element_type=\"widget\" data-e-type=\"widget\" data-widget_type=\"text-editor.default\">\n\t\t\t\t<div class=\"elementor-widget-container\">\n\t\t\t\t\t\t\t\t\t<p>L'EDUbox Energy : Towards a greener neighbourhood est un tout nouveau parcours d'apprentissage num\u00e9rique dans lequel les \u00e9l\u00e8ves de l'enseignement primaire sont plong\u00e9s dans le monde de l'\u00e9nergie (verte). Gr\u00e2ce \u00e0 des devoirs, des vid\u00e9os et des outils interactifs, les \u00e9l\u00e8ves d\u00e9couvrent pas \u00e0 pas ce qu'est l'\u00e9nergie, comment elle est g\u00e9n\u00e9r\u00e9e et comment ils peuvent eux-m\u00eames l'utiliser de mani\u00e8re consciente. C'est la premi\u00e8re fois que l'EDUbox r\u00e9pond consciemment \u00e0 l'environnement vivant de l'enseignement primaire. Cette EDUbox est une traduction de l'EDUbox Energy : Your role in a global issue, qui a \u00e9t\u00e9 d\u00e9velopp\u00e9e \u00e0 l'origine pour l'enseignement secondaire.<\/p>\t\t\t\t\t\t\t\t<\/div>\n\t\t\t\t<\/div>\n\t\t\t\t<div class=\"elementor-element elementor-element-af046d9 elementor-widget elementor-widget-image\" data-id=\"af046d9\" data-element_type=\"widget\" data-e-type=\"widget\" data-widget_type=\"image.default\">\n\t\t\t\t<div class=\"elementor-widget-container\">\n\t\t\t\t\t\t\t\t\t\t\t\t\t\t\t\t<a href=\"https:\/\/edubox.vrtnws.be\/box\/index.html?boxname=energie-lagere-school&#038;pageid=energie-lagere-school\">\n\t\t\t\t\t\t\t<img loading=\"lazy\" decoding=\"async\" width=\"800\" height=\"671\" src=\"https:\/\/supernils.be\/wp-content\/uploads\/2024\/10\/Groene-energie.png\" class=\"attachment-large size-large wp-image-20046\" alt=\"\" srcset=\"https:\/\/supernils.be\/wp-content\/uploads\/2024\/10\/Groene-energie.png 940w, https:\/\/supernils.be\/wp-content\/uploads\/2024\/10\/Groene-energie-300x251.png 300w, https:\/\/supernils.be\/wp-content\/uploads\/2024\/10\/Groene-energie-768x644.png 768w, https:\/\/supernils.be\/wp-content\/uploads\/2024\/10\/Groene-energie-14x12.png 14w, https:\/\/supernils.be\/wp-content\/uploads\/2024\/10\/Groene-energie-299x251.png 299w, https:\/\/supernils.be\/wp-content\/uploads\/2024\/10\/Groene-energie-572x480.png 572w\" sizes=\"(max-width: 800px) 100vw, 800px\" \/>\t\t\t\t\t\t\t\t<\/a>\n\t\t\t\t\t\t\t\t\t\t\t\t\t\t\t<\/div>\n\t\t\t\t<\/div>\n\t\t\t\t\t<\/div>\n\t\t\t\t<\/div>\n\t\t<div class=\"elementor-element elementor-element-509ac6a e-grid e-con-boxed e-con e-parent\" data-id=\"509ac6a\" data-element_type=\"container\" data-e-type=\"container\" data-settings=\"{&quot;background_background&quot;:&quot;classic&quot;}\">\n\t\t\t\t\t<div class=\"e-con-inner\">\n\t\t<div class=\"elementor-element elementor-element-5684e77 e-con-full e-flex e-con e-child\" data-id=\"5684e77\" data-element_type=\"container\" data-e-type=\"container\">\n\t\t\t\t<div class=\"elementor-element elementor-element-71e548e elementor-widget elementor-widget-text-editor\" data-id=\"71e548e\" data-element_type=\"widget\" data-e-type=\"widget\" data-widget_type=\"text-editor.default\">\n\t\t\t\t<div class=\"elementor-widget-container\">\n\t\t\t\t\t\t\t\t\t<p>La vid\u00e9o interactive sur la culture est destin\u00e9e aux \u00e9l\u00e8ves de l'enseignement secondaire. Ils peuvent suivre cette le\u00e7on individuellement et au moment de leur choix. Dans cette le\u00e7on, Sander De Keere, pr\u00e9sentateur radio chez Klara, explique pourquoi la culture ne se r\u00e9sume pas \u00e0 la Joconde et comment une meilleure connaissance de la culture peut nous aider \u00e0 mieux nous comprendre les uns les autres.<\/p>\t\t\t\t\t\t\t\t<\/div>\n\t\t\t\t<\/div>\n\t\t\t\t<\/div>\n\t\t<div class=\"elementor-element elementor-element-4ce732f e-con-full e-flex e-con e-child\" data-id=\"4ce732f\" data-element_type=\"container\" data-e-type=\"container\">\n\t\t\t\t<div class=\"elementor-element elementor-element-e6da124 elementor-widget elementor-widget-spacer\" data-id=\"e6da124\" data-element_type=\"widget\" data-e-type=\"widget\" data-widget_type=\"spacer.default\">\n\t\t\t\t<div class=\"elementor-widget-container\">\n\t\t\t\t\t\t\t<div class=\"elementor-spacer\">\n\t\t\t<div class=\"elementor-spacer-inner\"><\/div>\n\t\t<\/div>\n\t\t\t\t\t\t<\/div>\n\t\t\t\t<\/div>\n\t\t\t\t<div class=\"elementor-element elementor-element-15b91b0 elementor-widget elementor-widget-image\" data-id=\"15b91b0\" data-element_type=\"widget\" data-e-type=\"widget\" data-widget_type=\"image.default\">\n\t\t\t\t<div class=\"elementor-widget-container\">\n\t\t\t\t\t\t\t\t\t\t\t\t\t\t\t\t<a href=\"https:\/\/www.vrt.be\/vrtnws\/nl\/2021\/03\/11\/edubox-cultuur\/interactieve-video\">\n\t\t\t\t\t\t\t<img loading=\"lazy\" decoding=\"async\" width=\"800\" height=\"671\" src=\"https:\/\/supernils.be\/wp-content\/uploads\/2024\/10\/Cultuur.png\" class=\"attachment-large size-large wp-image-20807\" alt=\"\" srcset=\"https:\/\/supernils.be\/wp-content\/uploads\/2024\/10\/Cultuur.png 940w, https:\/\/supernils.be\/wp-content\/uploads\/2024\/10\/Cultuur-300x251.png 300w, https:\/\/supernils.be\/wp-content\/uploads\/2024\/10\/Cultuur-768x644.png 768w, https:\/\/supernils.be\/wp-content\/uploads\/2024\/10\/Cultuur-14x12.png 14w, https:\/\/supernils.be\/wp-content\/uploads\/2024\/10\/Cultuur-299x251.png 299w, https:\/\/supernils.be\/wp-content\/uploads\/2024\/10\/Cultuur-572x480.png 572w\" sizes=\"(max-width: 800px) 100vw, 800px\" \/>\t\t\t\t\t\t\t\t<\/a>\n\t\t\t\t\t\t\t\t\t\t\t\t\t\t\t<\/div>\n\t\t\t\t<\/div>\n\t\t\t\t<\/div>\n\t\t\t\t\t<\/div>\n\t\t\t\t<\/div>\n\t\t<div class=\"elementor-element elementor-element-9fc5ece e-flex e-con-boxed e-con e-parent\" data-id=\"9fc5ece\" data-element_type=\"container\" data-e-type=\"container\" data-settings=\"{&quot;background_background&quot;:&quot;classic&quot;}\">\n\t\t\t\t\t<div class=\"e-con-inner\">\n\t\t\t\t<div class=\"elementor-element elementor-element-7573623 elementor-widget elementor-widget-spacer\" data-id=\"7573623\" data-element_type=\"widget\" data-e-type=\"widget\" data-widget_type=\"spacer.default\">\n\t\t\t\t<div class=\"elementor-widget-container\">\n\t\t\t\t\t\t\t<div class=\"elementor-spacer\">\n\t\t\t<div class=\"elementor-spacer-inner\"><\/div>\n\t\t<\/div>\n\t\t\t\t\t\t<\/div>\n\t\t\t\t<\/div>\n\t\t\t\t\t<\/div>\n\t\t\t\t<\/div>\n\t\t<div class=\"elementor-element elementor-element-406eff3 e-grid e-con-boxed e-con e-parent\" data-id=\"406eff3\" data-element_type=\"container\" data-e-type=\"container\" data-settings=\"{&quot;background_background&quot;:&quot;classic&quot;}\">\n\t\t\t\t\t<div class=\"e-con-inner\">\n\t\t\t\t<div class=\"elementor-element elementor-element-cbfe231 elementor-widget elementor-widget-text-editor\" data-id=\"cbfe231\" data-element_type=\"widget\" data-e-type=\"widget\" data-widget_type=\"text-editor.default\">\n\t\t\t\t<div class=\"elementor-widget-container\">\n\t\t\t\t\t\t\t\t\t<table class=\"stylingblock-content-wrapper\" role=\"presentation\" width=\"100%\" cellspacing=\"0\" cellpadding=\"0\"><tbody><tr><td class=\"stylingblock-content-wrapper camarker-inner\"><table role=\"presentation\" border=\"0\" width=\"100%\" cellspacing=\"0\" cellpadding=\"0\" align=\"center\"><tbody><tr><td align=\"center\"><p>Se sentir bien dans sa peau permet de mieux faire face aux difficult\u00e9s, petites ou grandes. Avec le <a title=\"https:\/\/click.em.vrt.be\/?qs=0778a73f213aa16197ffd2935dc3ca02b3eaed3fa540a6d74d3e0e67f5adeabbf08c715a040b361196950587315763907aca9ea1b4f6a96a2bb53628cbcf9339\" contenteditable=\"false\" href=\"https:\/\/click.em.vrt.be\/?qs=0778a73f213aa16197ffd2935dc3ca02b3eaed3fa540a6d74d3e0e67f5adeabbf08c715a040b361196950587315763907aca9ea1b4f6a96a2bb53628cbcf9339\" data-linkto=\"https:\/\/\">EDUbox Le bien-\u00eatre mental : Se sentir bien dans sa peau, avoir l'esprit tranquille<\/a> les \u00e9l\u00e8ves de l'enseignement secondaire explorent les moyens d'atteindre un \u00e9quilibre mental, pour eux-m\u00eames et avec les autres.<\/p><\/td><\/tr><\/tbody><\/table><\/td><\/tr><\/tbody><\/table><table class=\"stylingblock-content-wrapper\" role=\"presentation\" width=\"100%\" cellspacing=\"0\" cellpadding=\"0\"><tbody><tr><td class=\"stylingblock-content-wrapper camarker-inner\"><table role=\"presentation\" border=\"0\" width=\"100%\" cellspacing=\"0\" cellpadding=\"0\" align=\"center\"><tbody><tr><td align=\"center\"><p><b>Par le biais de textes, de vid\u00e9os, de devoirs et d'un outil interactif<\/b> les jeunes d\u00e9couvrent ce que signifie exactement le bonheur, quels sont les facteurs qui influencent leur bien-\u00eatre mental et quelles mesures ils peuvent prendre pour se sentir mieux dans leur peau. Ils ont \u00e9galement l'occasion de travailler eux-m\u00eames avec des <b>le barom\u00e8tre du bonheur<\/b>Les participants \u00e0 l'atelier de formation sont invit\u00e9s \u00e0 participer \u00e0 un exercice interactif au cours duquel ils s'inspirent mutuellement de conseils pour \u00eatre plus forts dans la vie.<\/p><\/td><\/tr><\/tbody><\/table><\/td><\/tr><\/tbody><\/table>\t\t\t\t\t\t\t\t<\/div>\n\t\t\t\t<\/div>\n\t\t\t\t<div class=\"elementor-element elementor-element-5392d32 elementor-widget elementor-widget-image\" data-id=\"5392d32\" data-element_type=\"widget\" data-e-type=\"widget\" data-widget_type=\"image.default\">\n\t\t\t\t<div class=\"elementor-widget-container\">\n\t\t\t\t\t\t\t\t\t\t\t\t\t\t\t\t<a href=\"https:\/\/www.vrt.be\/nl\/edubox\/catalogus?utm_source=vrtnws&#038;utm_medium=email&#038;utm_campaign=vrt-nws-edubox&#038;utm_content=178085&#038;utm_term=20306554#mentaal-welbevinden\">\n\t\t\t\t\t\t\t<img loading=\"lazy\" decoding=\"async\" width=\"800\" height=\"671\" src=\"https:\/\/supernils.be\/wp-content\/uploads\/2024\/10\/Mentaal-welbevinden.png\" class=\"attachment-large size-large wp-image-21328\" alt=\"\" srcset=\"https:\/\/supernils.be\/wp-content\/uploads\/2024\/10\/Mentaal-welbevinden.png 940w, https:\/\/supernils.be\/wp-content\/uploads\/2024\/10\/Mentaal-welbevinden-300x251.png 300w, https:\/\/supernils.be\/wp-content\/uploads\/2024\/10\/Mentaal-welbevinden-768x644.png 768w, https:\/\/supernils.be\/wp-content\/uploads\/2024\/10\/Mentaal-welbevinden-14x12.png 14w, https:\/\/supernils.be\/wp-content\/uploads\/2024\/10\/Mentaal-welbevinden-299x251.png 299w, https:\/\/supernils.be\/wp-content\/uploads\/2024\/10\/Mentaal-welbevinden-572x480.png 572w\" sizes=\"(max-width: 800px) 100vw, 800px\" \/>\t\t\t\t\t\t\t\t<\/a>\n\t\t\t\t\t\t\t\t\t\t\t\t\t\t\t<\/div>\n\t\t\t\t<\/div>\n\t\t\t\t\t<\/div>\n\t\t\t\t<\/div>\n\t\t<div class=\"elementor-element elementor-element-169b4d1 e-flex e-con-boxed e-con e-parent\" data-id=\"169b4d1\" data-element_type=\"container\" data-e-type=\"container\" data-settings=\"{&quot;background_background&quot;:&quot;classic&quot;}\">\n\t\t\t\t\t<div class=\"e-con-inner\">\n\t\t\t\t<div class=\"elementor-element elementor-element-c60ec48 elementor-widget elementor-widget-spacer\" data-id=\"c60ec48\" data-element_type=\"widget\" data-e-type=\"widget\" data-widget_type=\"spacer.default\">\n\t\t\t\t<div class=\"elementor-widget-container\">\n\t\t\t\t\t\t\t<div class=\"elementor-spacer\">\n\t\t\t<div class=\"elementor-spacer-inner\"><\/div>\n\t\t<\/div>\n\t\t\t\t\t\t<\/div>\n\t\t\t\t<\/div>\n\t\t\t\t\t<\/div>\n\t\t\t\t<\/div>\n\t\t<div class=\"elementor-element elementor-element-d2e6375 e-grid e-con-boxed e-con e-parent\" data-id=\"d2e6375\" data-element_type=\"container\" data-e-type=\"container\" data-settings=\"{&quot;background_background&quot;:&quot;classic&quot;}\">\n\t\t\t\t\t<div class=\"e-con-inner\">\n\t\t\t\t<div class=\"elementor-element elementor-element-1397db5 elementor-widget elementor-widget-text-editor\" data-id=\"1397db5\" data-element_type=\"widget\" data-e-type=\"widget\" data-widget_type=\"text-editor.default\">\n\t\t\t\t<div class=\"elementor-widget-container\">\n\t\t\t\t\t\t\t\t\t<p>Dans l'EDUbox M\u00e9dias sociaux : l'impact de notre soci\u00e9t\u00e9 num\u00e9rique, les \u00e9l\u00e8ves d\u00e9couvrent comment la technologie num\u00e9rique affecte leur vie. Les m\u00e9dias sociaux connectent, inspirent et font rire. Mais derri\u00e8re chaque like, scroll et swipe se cache un monde qui fonctionne aux donn\u00e9es, au profit et \u00e0 l'influence. Aujourd'hui, ce qui a commenc\u00e9 comme un cadeau de la r\u00e9volution num\u00e9rique a pris une tournure plus sombre : Internet 2.0, o\u00f9 les grandes entreprises technologiques sont fermement contr\u00f4l\u00e9es. Cette EDUbox permet aux jeunes de comprendre les m\u00e9canismes qui se cachent derri\u00e8re les algorithmes, les aidant ainsi \u00e0 reprendre les r\u00eanes et \u00e0 d\u00e9cider eux-m\u00eames comment la technologie guide leur vie.<\/p>\t\t\t\t\t\t\t\t<\/div>\n\t\t\t\t<\/div>\n\t\t\t\t<div class=\"elementor-element elementor-element-a1fb6a3 elementor-widget elementor-widget-image\" data-id=\"a1fb6a3\" data-element_type=\"widget\" data-e-type=\"widget\" data-widget_type=\"image.default\">\n\t\t\t\t<div class=\"elementor-widget-container\">\n\t\t\t\t\t\t\t\t\t\t\t\t\t\t\t\t<a href=\"https:\/\/edubox.vrtnws.be\/box\/index.html?boxname=sociale-media-big-tech&#038;pageid=sociale-media-big-tech\">\n\t\t\t\t\t\t\t<img loading=\"lazy\" decoding=\"async\" width=\"800\" height=\"671\" src=\"https:\/\/supernils.be\/wp-content\/uploads\/2024\/10\/Sociale-media.png\" class=\"attachment-large size-large wp-image-21796\" alt=\"\" srcset=\"https:\/\/supernils.be\/wp-content\/uploads\/2024\/10\/Sociale-media.png 940w, https:\/\/supernils.be\/wp-content\/uploads\/2024\/10\/Sociale-media-300x251.png 300w, https:\/\/supernils.be\/wp-content\/uploads\/2024\/10\/Sociale-media-768x644.png 768w, https:\/\/supernils.be\/wp-content\/uploads\/2024\/10\/Sociale-media-14x12.png 14w, https:\/\/supernils.be\/wp-content\/uploads\/2024\/10\/Sociale-media-299x251.png 299w, https:\/\/supernils.be\/wp-content\/uploads\/2024\/10\/Sociale-media-572x480.png 572w\" sizes=\"(max-width: 800px) 100vw, 800px\" \/>\t\t\t\t\t\t\t\t<\/a>\n\t\t\t\t\t\t\t\t\t\t\t\t\t\t\t<\/div>\n\t\t\t\t<\/div>\n\t\t\t\t\t<\/div>\n\t\t\t\t<\/div>\n\t\t<div class=\"elementor-element elementor-element-d4e7bbe e-con-full e-flex e-con e-parent\" data-id=\"d4e7bbe\" data-element_type=\"container\" data-e-type=\"container\">\n\t\t\t\t<div class=\"elementor-element elementor-element-0f0da61 elementor-widget elementor-widget-spacer\" data-id=\"0f0da61\" data-element_type=\"widget\" data-e-type=\"widget\" data-widget_type=\"spacer.default\">\n\t\t\t\t<div class=\"elementor-widget-container\">\n\t\t\t\t\t\t\t<div class=\"elementor-spacer\">\n\t\t\t<div class=\"elementor-spacer-inner\"><\/div>\n\t\t<\/div>\n\t\t\t\t\t\t<\/div>\n\t\t\t\t<\/div>\n\t\t\t\t<\/div>\n\t\t<div class=\"elementor-element elementor-element-342f878 e-grid e-con-boxed e-con e-parent\" data-id=\"342f878\" data-element_type=\"container\" data-e-type=\"container\" data-settings=\"{&quot;background_background&quot;:&quot;classic&quot;}\">\n\t\t\t\t\t<div class=\"e-con-inner\">\n\t\t\t\t<div class=\"elementor-element elementor-element-da79df2 elementor-widget elementor-widget-text-editor\" data-id=\"da79df2\" data-element_type=\"widget\" data-e-type=\"widget\" data-widget_type=\"text-editor.default\">\n\t\t\t\t<div class=\"elementor-widget-container\">\n\t\t\t\t\t\t\t\t\t<p>Smartphones, ordinateurs portables, tablettes, smartwatches... Les \u00e9crans occupent une place importante dans nos vies. Mais en m\u00eame temps, ils peuvent perturber l'\u00e9quilibre entre nos vies en ligne et hors ligne. Dans l'EDUbox Digital Balance, les jeunes d\u00e9couvrent ce qui se passe lorsque leur utilisation des \u00e9crans est d\u00e9s\u00e9quilibr\u00e9e et comment ils peuvent r\u00e9tablir cet \u00e9quilibre. Les jeunes apprennent \u00e0 mieux comprendre leur propre utilisation des \u00e9crans, d\u00e9couvrent l'impact que les \u00e9crans peuvent avoir sur leur bien-\u00eatre et \u00e9laborent un plan d'action pour am\u00e9liorer leur \u00e9quilibre num\u00e9rique actuel.<\/p>\t\t\t\t\t\t\t\t<\/div>\n\t\t\t\t<\/div>\n\t\t\t\t<div class=\"elementor-element elementor-element-3a7e319 elementor-widget elementor-widget-image\" data-id=\"3a7e319\" data-element_type=\"widget\" data-e-type=\"widget\" data-widget_type=\"image.default\">\n\t\t\t\t<div class=\"elementor-widget-container\">\n\t\t\t\t\t\t\t\t\t\t\t\t\t\t\t\t<a href=\"https:\/\/edubox.vrtnws.be\/box\/index.html?boxname=digitale-balans&#038;pageid=digitale-balans\">\n\t\t\t\t\t\t\t<img loading=\"lazy\" decoding=\"async\" width=\"800\" height=\"671\" src=\"https:\/\/supernils.be\/wp-content\/uploads\/2024\/10\/Digitale-balans.png\" class=\"attachment-large size-large wp-image-22152\" alt=\"\" srcset=\"https:\/\/supernils.be\/wp-content\/uploads\/2024\/10\/Digitale-balans.png 940w, https:\/\/supernils.be\/wp-content\/uploads\/2024\/10\/Digitale-balans-300x251.png 300w, https:\/\/supernils.be\/wp-content\/uploads\/2024\/10\/Digitale-balans-768x644.png 768w, https:\/\/supernils.be\/wp-content\/uploads\/2024\/10\/Digitale-balans-14x12.png 14w, https:\/\/supernils.be\/wp-content\/uploads\/2024\/10\/Digitale-balans-299x251.png 299w, https:\/\/supernils.be\/wp-content\/uploads\/2024\/10\/Digitale-balans-572x480.png 572w\" sizes=\"(max-width: 800px) 100vw, 800px\" \/>\t\t\t\t\t\t\t\t<\/a>\n\t\t\t\t\t\t\t\t\t\t\t\t\t\t\t<\/div>\n\t\t\t\t<\/div>\n\t\t\t\t\t<\/div>\n\t\t\t\t<\/div>\n\t\t<div class=\"elementor-element elementor-element-d782360 e-con-full e-flex e-con e-parent\" data-id=\"d782360\" data-element_type=\"container\" data-e-type=\"container\">\n\t\t\t\t<div class=\"elementor-element elementor-element-3b383fb elementor-widget elementor-widget-spacer\" data-id=\"3b383fb\" data-element_type=\"widget\" data-e-type=\"widget\" data-widget_type=\"spacer.default\">\n\t\t\t\t<div class=\"elementor-widget-container\">\n\t\t\t\t\t\t\t<div class=\"elementor-spacer\">\n\t\t\t<div class=\"elementor-spacer-inner\"><\/div>\n\t\t<\/div>\n\t\t\t\t\t\t<\/div>\n\t\t\t\t<\/div>\n\t\t\t\t<\/div>\n\t\t<div class=\"elementor-element elementor-element-5ad9714 e-grid e-con-boxed e-con e-parent\" data-id=\"5ad9714\" data-element_type=\"container\" data-e-type=\"container\" data-settings=\"{&quot;background_background&quot;:&quot;classic&quot;}\">\n\t\t\t\t\t<div class=\"e-con-inner\">\n\t\t\t\t<div class=\"elementor-element elementor-element-e742ddf elementor-widget elementor-widget-text-editor\" data-id=\"e742ddf\" data-element_type=\"widget\" data-e-type=\"widget\" data-widget_type=\"text-editor.default\">\n\t\t\t\t<div class=\"elementor-widget-container\">\n\t\t\t\t\t\t\t\t\t<p>Quel r\u00f4le joue Big Tech dans nos vies et comment les jeunes peuvent-ils reprendre le contr\u00f4le ? Le journaliste de VRT NWS Bram Vandeputte explique dans cette vid\u00e9o comment fonctionnent les algorithmes et comment nous pouvons nous y attaquer.<\/p>\t\t\t\t\t\t\t\t<\/div>\n\t\t\t\t<\/div>\n\t\t\t\t<div class=\"elementor-element elementor-element-7622d97 elementor-widget elementor-widget-image\" data-id=\"7622d97\" data-element_type=\"widget\" data-e-type=\"widget\" data-widget_type=\"image.default\">\n\t\t\t\t<div class=\"elementor-widget-container\">\n\t\t\t\t\t\t\t\t\t\t\t\t\t\t\t\t<a href=\"https:\/\/www.vrt.be\/vrtnws\/nl\/2025\/10\/08\/edubox-sociale-media\/videoles\/?utm_source=vrtnws&#038;utm_medium=email&#038;utm_campaign=vrt-nws-edubox&#038;utm_content=297641&#038;utm_term=20306554\">\n\t\t\t\t\t\t\t<img loading=\"lazy\" decoding=\"async\" width=\"800\" height=\"671\" src=\"https:\/\/supernils.be\/wp-content\/uploads\/2024\/10\/Sociale-Media-1.png\" class=\"attachment-large size-large wp-image-26274\" alt=\"\" srcset=\"https:\/\/supernils.be\/wp-content\/uploads\/2024\/10\/Sociale-Media-1.png 940w, https:\/\/supernils.be\/wp-content\/uploads\/2024\/10\/Sociale-Media-1-300x251.png 300w, https:\/\/supernils.be\/wp-content\/uploads\/2024\/10\/Sociale-Media-1-768x644.png 768w, https:\/\/supernils.be\/wp-content\/uploads\/2024\/10\/Sociale-Media-1-14x12.png 14w, https:\/\/supernils.be\/wp-content\/uploads\/2024\/10\/Sociale-Media-1-299x251.png 299w, https:\/\/supernils.be\/wp-content\/uploads\/2024\/10\/Sociale-Media-1-572x480.png 572w\" sizes=\"(max-width: 800px) 100vw, 800px\" \/>\t\t\t\t\t\t\t\t<\/a>\n\t\t\t\t\t\t\t\t\t\t\t\t\t\t\t<\/div>\n\t\t\t\t<\/div>\n\t\t\t\t\t<\/div>\n\t\t\t\t<\/div>\n\t\t<div class=\"elementor-element elementor-element-ec29e32 e-con-full e-flex e-con e-parent\" data-id=\"ec29e32\" data-element_type=\"container\" data-e-type=\"container\">\n\t\t\t\t<div class=\"elementor-element elementor-element-6cff576 elementor-widget elementor-widget-spacer\" data-id=\"6cff576\" data-element_type=\"widget\" data-e-type=\"widget\" data-widget_type=\"spacer.default\">\n\t\t\t\t<div class=\"elementor-widget-container\">\n\t\t\t\t\t\t\t<div class=\"elementor-spacer\">\n\t\t\t<div class=\"elementor-spacer-inner\"><\/div>\n\t\t<\/div>\n\t\t\t\t\t\t<\/div>\n\t\t\t\t<\/div>\n\t\t\t\t<\/div>\n\t\t<div class=\"elementor-element elementor-element-5029b56 e-grid e-con-boxed e-con e-parent\" data-id=\"5029b56\" data-element_type=\"container\" data-e-type=\"container\" data-settings=\"{&quot;background_background&quot;:&quot;classic&quot;}\">\n\t\t\t\t\t<div class=\"e-con-inner\">\n\t\t\t\t<div class=\"elementor-element elementor-element-03acdb1 elementor-widget elementor-widget-text-editor\" data-id=\"03acdb1\" data-element_type=\"widget\" data-e-type=\"widget\" data-widget_type=\"text-editor.default\">\n\t\t\t\t<div class=\"elementor-widget-container\">\n\t\t\t\t\t\t\t\t\t<p>Bavo Mortier est cr\u00e9ateur de contenu pour Sporza et explique dans cette vid\u00e9o l'impact des \u00e9crans sur notre bien-\u00eatre. Avec l'\u00e9l\u00e8ve, il \u00e9labore un plan d'action personnel pour un meilleur \u00e9quilibre num\u00e9rique.<\/p>\t\t\t\t\t\t\t\t<\/div>\n\t\t\t\t<\/div>\n\t\t\t\t<div class=\"elementor-element elementor-element-26a8445 elementor-widget elementor-widget-image\" data-id=\"26a8445\" data-element_type=\"widget\" data-e-type=\"widget\" data-widget_type=\"image.default\">\n\t\t\t\t<div class=\"elementor-widget-container\">\n\t\t\t\t\t\t\t\t\t\t\t\t\t\t\t\t<a href=\"https:\/\/www.vrt.be\/vrtnws\/nl\/2025\/11\/12\/edubox-digitale-balans\/videoles\/?utm_source=vrtnws&#038;utm_medium=email&#038;utm_campaign=vrt-nws-edubox&#038;utm_content=297641&#038;utm_term=20306554\">\n\t\t\t\t\t\t\t<img loading=\"lazy\" decoding=\"async\" width=\"800\" height=\"671\" src=\"https:\/\/supernils.be\/wp-content\/uploads\/2024\/10\/Digitale-balans-1.png\" class=\"attachment-large size-large wp-image-26279\" alt=\"\" srcset=\"https:\/\/supernils.be\/wp-content\/uploads\/2024\/10\/Digitale-balans-1.png 940w, https:\/\/supernils.be\/wp-content\/uploads\/2024\/10\/Digitale-balans-1-300x251.png 300w, https:\/\/supernils.be\/wp-content\/uploads\/2024\/10\/Digitale-balans-1-768x644.png 768w, https:\/\/supernils.be\/wp-content\/uploads\/2024\/10\/Digitale-balans-1-14x12.png 14w, https:\/\/supernils.be\/wp-content\/uploads\/2024\/10\/Digitale-balans-1-299x251.png 299w, https:\/\/supernils.be\/wp-content\/uploads\/2024\/10\/Digitale-balans-1-572x480.png 572w\" sizes=\"(max-width: 800px) 100vw, 800px\" \/>\t\t\t\t\t\t\t\t<\/a>\n\t\t\t\t\t\t\t\t\t\t\t\t\t\t\t<\/div>\n\t\t\t\t<\/div>\n\t\t\t\t\t<\/div>\n\t\t\t\t<\/div>\n\t\t<div class=\"elementor-element elementor-element-3e70642 e-con-full e-flex e-con e-parent\" data-id=\"3e70642\" data-element_type=\"container\" data-e-type=\"container\">\n\t\t\t\t<div class=\"elementor-element elementor-element-96afc57 elementor-widget elementor-widget-spacer\" data-id=\"96afc57\" data-element_type=\"widget\" data-e-type=\"widget\" data-widget_type=\"spacer.default\">\n\t\t\t\t<div class=\"elementor-widget-container\">\n\t\t\t\t\t\t\t<div class=\"elementor-spacer\">\n\t\t\t<div class=\"elementor-spacer-inner\"><\/div>\n\t\t<\/div>\n\t\t\t\t\t\t<\/div>\n\t\t\t\t<\/div>\n\t\t\t\t<\/div>\n\t\t<div class=\"elementor-element elementor-element-dede3fa e-grid e-con-boxed e-con e-parent\" data-id=\"dede3fa\" data-element_type=\"container\" data-e-type=\"container\" data-settings=\"{&quot;background_background&quot;:&quot;classic&quot;}\">\n\t\t\t\t\t<div class=\"e-con-inner\">\n\t\t\t\t<div class=\"elementor-element elementor-element-cc13158 elementor-widget elementor-widget-text-editor\" data-id=\"cc13158\" data-element_type=\"widget\" data-e-type=\"widget\" data-widget_type=\"text-editor.default\">\n\t\t\t\t<div class=\"elementor-widget-container\">\n\t\t\t\t\t\t\t\t\t<p>Inge Vrancken, journaliste \u00e0 VRT NWS, explique dans cette vid\u00e9o quelles sont les r\u00e8gles applicables en temps de guerre, comment les jeunes peuvent envisager les conflits sous diff\u00e9rents angles pour mieux les comprendre et comment ils peuvent eux-m\u00eames contribuer \u00e0 la construction de la paix.<\/p>\t\t\t\t\t\t\t\t<\/div>\n\t\t\t\t<\/div>\n\t\t\t\t<div class=\"elementor-element elementor-element-58e26d2 elementor-widget elementor-widget-image\" data-id=\"58e26d2\" data-element_type=\"widget\" data-e-type=\"widget\" data-widget_type=\"image.default\">\n\t\t\t\t<div class=\"elementor-widget-container\">\n\t\t\t\t\t\t\t\t\t\t\t\t\t\t\t\t<a href=\"https:\/\/www.vrt.be\/vrtnws\/nl\/2025\/11\/03\/edubox-oorlog-en-vrede\/videoles\/?utm_source=vrtnws&#038;utm_medium=email&#038;utm_campaign=vrt-nws-edubox&#038;utm_content=297641&#038;utm_term=20306554\">\n\t\t\t\t\t\t\t<img loading=\"lazy\" decoding=\"async\" width=\"800\" height=\"671\" src=\"https:\/\/supernils.be\/wp-content\/uploads\/2024\/10\/Oorlog-en-vrede.png\" class=\"attachment-large size-large wp-image-26286\" alt=\"\" srcset=\"https:\/\/supernils.be\/wp-content\/uploads\/2024\/10\/Oorlog-en-vrede.png 940w, https:\/\/supernils.be\/wp-content\/uploads\/2024\/10\/Oorlog-en-vrede-300x251.png 300w, https:\/\/supernils.be\/wp-content\/uploads\/2024\/10\/Oorlog-en-vrede-768x644.png 768w, https:\/\/supernils.be\/wp-content\/uploads\/2024\/10\/Oorlog-en-vrede-14x12.png 14w, https:\/\/supernils.be\/wp-content\/uploads\/2024\/10\/Oorlog-en-vrede-299x251.png 299w, https:\/\/supernils.be\/wp-content\/uploads\/2024\/10\/Oorlog-en-vrede-572x480.png 572w\" sizes=\"(max-width: 800px) 100vw, 800px\" \/>\t\t\t\t\t\t\t\t<\/a>\n\t\t\t\t\t\t\t\t\t\t\t\t\t\t\t<\/div>\n\t\t\t\t<\/div>\n\t\t\t\t\t<\/div>\n\t\t\t\t<\/div>\n\t\t<div class=\"elementor-element elementor-element-00450ba e-con-full e-flex e-con e-parent\" data-id=\"00450ba\" data-element_type=\"container\" data-e-type=\"container\">\n\t\t\t\t<div class=\"elementor-element elementor-element-871ee85 elementor-widget elementor-widget-spacer\" data-id=\"871ee85\" data-element_type=\"widget\" data-e-type=\"widget\" data-widget_type=\"spacer.default\">\n\t\t\t\t<div class=\"elementor-widget-container\">\n\t\t\t\t\t\t\t<div class=\"elementor-spacer\">\n\t\t\t<div class=\"elementor-spacer-inner\"><\/div>\n\t\t<\/div>\n\t\t\t\t\t\t<\/div>\n\t\t\t\t<\/div>\n\t\t\t\t<\/div>\n\t\t<div class=\"elementor-element elementor-element-f34311a e-con-full e-flex e-con e-parent\" data-id=\"f34311a\" data-element_type=\"container\" data-e-type=\"container\">\n\t\t\t\t<div class=\"elementor-element elementor-element-5da4d36 elementor-widget elementor-widget-spacer\" data-id=\"5da4d36\" data-element_type=\"widget\" data-e-type=\"widget\" data-widget_type=\"spacer.default\">\n\t\t\t\t<div class=\"elementor-widget-container\">\n\t\t\t\t\t\t\t<div class=\"elementor-spacer\">\n\t\t\t<div class=\"elementor-spacer-inner\"><\/div>\n\t\t<\/div>\n\t\t\t\t\t\t<\/div>\n\t\t\t\t<\/div>\n\t\t\t\t<\/div>\n\t\t\t\t<\/div>","protected":false},"excerpt":{"rendered":"<p>Engaging Minds &#8220;Turning Boredom into Brilliance&#8221; Betrek je geest en zet verveling om in genialiteit Vzw SuperNils gaat de strijd aan tegen verveling en eenzaamheid VRT is daarbij de ideale partner SuperNils zoekt naar allerlei activiteiten, die kinderen en jongeren kunnen helpen verveling en eenzaamheid tegen te gaan. Studeren, nieuwe dingen ontdekken, al spelend leren [&hellip;]<\/p>\n","protected":false},"author":2,"featured_media":0,"comment_status":"closed","ping_status":"closed","sticky":false,"template":"","format":"standard","meta":{"_themeisle_gutenberg_block_has_review":false,"footnotes":""},"categories":[1],"tags":[],"class_list":["post-17021","post","type-post","status-publish","format-standard","hentry","category-uncategorized"],"_links":{"self":[{"href":"https:\/\/supernils.be\/fr\/wp-json\/wp\/v2\/posts\/17021","targetHints":{"allow":["GET"]}}],"collection":[{"href":"https:\/\/supernils.be\/fr\/wp-json\/wp\/v2\/posts"}],"about":[{"href":"https:\/\/supernils.be\/fr\/wp-json\/wp\/v2\/types\/post"}],"author":[{"embeddable":true,"href":"https:\/\/supernils.be\/fr\/wp-json\/wp\/v2\/users\/2"}],"replies":[{"embeddable":true,"href":"https:\/\/supernils.be\/fr\/wp-json\/wp\/v2\/comments?post=17021"}],"version-history":[{"count":210,"href":"https:\/\/supernils.be\/fr\/wp-json\/wp\/v2\/posts\/17021\/revisions"}],"predecessor-version":[{"id":26292,"href":"https:\/\/supernils.be\/fr\/wp-json\/wp\/v2\/posts\/17021\/revisions\/26292"}],"wp:attachment":[{"href":"https:\/\/supernils.be\/fr\/wp-json\/wp\/v2\/media?parent=17021"}],"wp:term":[{"taxonomy":"category","embeddable":true,"href":"https:\/\/supernils.be\/fr\/wp-json\/wp\/v2\/categories?post=17021"},{"taxonomy":"post_tag","embeddable":true,"href":"https:\/\/supernils.be\/fr\/wp-json\/wp\/v2\/tags?post=17021"}],"curies":[{"name":"wp","href":"https:\/\/api.w.org\/{rel}","templated":true}]}}