{"id":10325,"date":"2023-09-29T09:33:19","date_gmt":"2023-09-29T07:33:19","guid":{"rendered":"https:\/\/supernils.be\/?p=10325"},"modified":"2025-11-14T17:06:20","modified_gmt":"2025-11-14T16:06:20","slug":"elementor-10142-2","status":"publish","type":"post","link":"https:\/\/supernils.be\/fr\/2023\/09\/29\/elementor-10142-2\/","title":{"rendered":"Visite du mus\u00e9e"},"content":{"rendered":"<div data-elementor-type=\"wp-post\" data-elementor-id=\"10325\" class=\"elementor elementor-10325\" data-elementor-post-type=\"post\">\n\t\t\t\t<div class=\"elementor-element elementor-element-21bc6dd e-flex e-con-boxed e-con e-parent\" data-id=\"21bc6dd\" data-element_type=\"container\" data-e-type=\"container\" data-settings=\"{&quot;background_background&quot;:&quot;classic&quot;}\">\n\t\t\t\t\t<div class=\"e-con-inner\">\n\t\t\t\t<div class=\"elementor-element elementor-element-8c8d0fc elementor-widget elementor-widget-spacer\" data-id=\"8c8d0fc\" data-element_type=\"widget\" data-e-type=\"widget\" data-widget_type=\"spacer.default\">\n\t\t\t\t<div class=\"elementor-widget-container\">\n\t\t\t\t\t\t\t<div class=\"elementor-spacer\">\n\t\t\t<div class=\"elementor-spacer-inner\"><\/div>\n\t\t<\/div>\n\t\t\t\t\t\t<\/div>\n\t\t\t\t<\/div>\n\t\t\t\t\t<\/div>\n\t\t\t\t<\/div>\n\t\t<div class=\"elementor-element elementor-element-6fb50b2e e-flex e-con-boxed e-con e-parent\" data-id=\"6fb50b2e\" data-element_type=\"container\" data-e-type=\"container\" data-settings=\"{&quot;background_background&quot;:&quot;classic&quot;,&quot;shape_divider_top&quot;:&quot;clouds&quot;,&quot;shape_divider_bottom&quot;:&quot;tilt&quot;}\">\n\t\t\t\t\t<div class=\"e-con-inner\">\n\t\t\t\t<div class=\"elementor-shape elementor-shape-top\" aria-hidden=\"true\" data-negative=\"false\">\n\t\t\t<svg xmlns=\"http:\/\/www.w3.org\/2000\/svg\" viewbox=\"0 0 283.5 27.8\" preserveaspectratio=\"xMidYMax slice\">\n  <path class=\"elementor-shape-fill\" d=\"M0 0v6.7c1.9-.8 4.7-1.4 8.5-1 9.5 1.1 11.1 6 11.1 6s2.1-.7 4.3-.2c2.1.5 2.8 2.6 2.8 2.6s.2-.5 1.4-.7c1.2-.2 1.7.2 1.7.2s0-2.1 1.9-2.8c1.9-.7 3.6.7 3.6.7s.7-2.9 3.1-4.1 4.7 0 4.7 0 1.2-.5 2.4 0 1.7 1.4 1.7 1.4h1.4c.7 0 1.2.7 1.2.7s.8-1.8 4-2.2c3.5-.4 5.3 2.4 6.2 4.4.4-.4 1-.7 1.8-.9 2.8-.7 4 .7 4 .7s1.7-5 11.1-6c9.5-1.1 12.3 3.9 12.3 3.9s1.2-4.8 5.7-5.7c4.5-.9 6.8 1.8 6.8 1.8s.6-.6 1.5-.9c.9-.2 1.9-.2 1.9-.2s5.2-6.4 12.6-3.3c7.3 3.1 4.7 9 4.7 9s1.9-.9 4 0 2.8 2.4 2.8 2.4 1.9-1.2 4.5-1.2 4.3 1.2 4.3 1.2.2-1 1.4-1.7 2.1-.7 2.1-.7-.5-3.1 2.1-5.5 5.7-1.4 5.7-1.4 1.5-2.3 4.2-1.1c2.7 1.2 1.7 5.2 1.7 5.2s.3-.1 1.3.5c.5.4.8.8.9 1.1.5-1.4 2.4-5.8 8.4-4 7.1 2.1 3.5 8.9 3.5 8.9s.8-.4 2 0 1.1 1.1 1.1 1.1 1.1-1.1 2.3-1.1 2.1.5 2.1.5 1.9-3.6 6.2-1.2 1.9 6.4 1.9 6.4 2.6-2.4 7.4 0c3.4 1.7 3.9 4.9 3.9 4.9s3.3-6.9 10.4-7.9 11.5 2.6 11.5 2.6.8 0 1.2.2c.4.2.9.9.9.9s4.4-3.1 8.3.2c1.9 1.7 1.5 5 1.5 5s.3-1.1 1.6-1.4c1.3-.3 2.3.2 2.3.2s-.1-1.2.5-1.9 1.9-.9 1.9-.9-4.7-9.3 4.4-13.4c5.6-2.5 9.2.9 9.2.9s5-6.2 15.9-6.2 16.1 8.1 16.1 8.1.7-.2 1.6-.4V0H0z\"\/>\n<\/svg>\n\t\t<\/div>\n\t\t\t\t<div class=\"elementor-shape elementor-shape-bottom\" aria-hidden=\"true\" data-negative=\"false\">\n\t\t\t<svg xmlns=\"http:\/\/www.w3.org\/2000\/svg\" viewbox=\"0 0 1000 100\" preserveaspectratio=\"none\">\n\t<path class=\"elementor-shape-fill\" d=\"M0,6V0h1000v100L0,6z\"\/>\n<\/svg>\t\t<\/div>\n\t\t<div class=\"elementor-element elementor-element-1c8918fa e-con-full e-flex e-con e-child\" data-id=\"1c8918fa\" data-element_type=\"container\" data-e-type=\"container\">\n\t\t\t\t<div class=\"elementor-element elementor-element-2e3c78fd e-transform e-transform elementor-widget elementor-widget-image\" data-id=\"2e3c78fd\" data-element_type=\"widget\" data-e-type=\"widget\" data-settings=\"{&quot;_transform_flipX_effect_hover&quot;:&quot;transform&quot;,&quot;_transform_rotateZ_effect&quot;:{&quot;unit&quot;:&quot;px&quot;,&quot;size&quot;:-360,&quot;sizes&quot;:[]},&quot;_transform_rotate_3d&quot;:&quot;yes&quot;,&quot;_transform_rotateZ_effect_tablet&quot;:{&quot;unit&quot;:&quot;deg&quot;,&quot;size&quot;:&quot;&quot;,&quot;sizes&quot;:[]},&quot;_transform_rotateZ_effect_mobile&quot;:{&quot;unit&quot;:&quot;deg&quot;,&quot;size&quot;:&quot;&quot;,&quot;sizes&quot;:[]},&quot;_transform_rotateX_effect&quot;:{&quot;unit&quot;:&quot;px&quot;,&quot;size&quot;:&quot;&quot;,&quot;sizes&quot;:[]},&quot;_transform_rotateX_effect_tablet&quot;:{&quot;unit&quot;:&quot;deg&quot;,&quot;size&quot;:&quot;&quot;,&quot;sizes&quot;:[]},&quot;_transform_rotateX_effect_mobile&quot;:{&quot;unit&quot;:&quot;deg&quot;,&quot;size&quot;:&quot;&quot;,&quot;sizes&quot;:[]},&quot;_transform_rotateY_effect&quot;:{&quot;unit&quot;:&quot;px&quot;,&quot;size&quot;:&quot;&quot;,&quot;sizes&quot;:[]},&quot;_transform_rotateY_effect_tablet&quot;:{&quot;unit&quot;:&quot;deg&quot;,&quot;size&quot;:&quot;&quot;,&quot;sizes&quot;:[]},&quot;_transform_rotateY_effect_mobile&quot;:{&quot;unit&quot;:&quot;deg&quot;,&quot;size&quot;:&quot;&quot;,&quot;sizes&quot;:[]},&quot;_transform_perspective_effect&quot;:{&quot;unit&quot;:&quot;px&quot;,&quot;size&quot;:&quot;&quot;,&quot;sizes&quot;:[]},&quot;_transform_perspective_effect_tablet&quot;:{&quot;unit&quot;:&quot;px&quot;,&quot;size&quot;:&quot;&quot;,&quot;sizes&quot;:[]},&quot;_transform_perspective_effect_mobile&quot;:{&quot;unit&quot;:&quot;px&quot;,&quot;size&quot;:&quot;&quot;,&quot;sizes&quot;:[]}}\" data-widget_type=\"image.default\">\n\t\t\t\t<div class=\"elementor-widget-container\">\n\t\t\t\t\t\t\t\t\t\t\t\t\t\t\t<img fetchpriority=\"high\" decoding=\"async\" width=\"800\" height=\"534\" src=\"https:\/\/supernils.be\/wp-content\/uploads\/2024\/09\/OK-001-musea-Optie-cover-2-voorkeur-1054x703.jpg\" class=\"attachment-large size-large wp-image-15917\" alt=\"\" srcset=\"https:\/\/supernils.be\/wp-content\/uploads\/2024\/09\/OK-001-musea-Optie-cover-2-voorkeur-1054x703.jpg 1054w, https:\/\/supernils.be\/wp-content\/uploads\/2024\/09\/OK-001-musea-Optie-cover-2-voorkeur-300x200.jpg 300w, https:\/\/supernils.be\/wp-content\/uploads\/2024\/09\/OK-001-musea-Optie-cover-2-voorkeur-768x512.jpg 768w, https:\/\/supernils.be\/wp-content\/uploads\/2024\/09\/OK-001-musea-Optie-cover-2-voorkeur-1536x1024.jpg 1536w, https:\/\/supernils.be\/wp-content\/uploads\/2024\/09\/OK-001-musea-Optie-cover-2-voorkeur-18x12.jpg 18w, https:\/\/supernils.be\/wp-content\/uploads\/2024\/09\/OK-001-musea-Optie-cover-2-voorkeur-299x199.jpg 299w, https:\/\/supernils.be\/wp-content\/uploads\/2024\/09\/OK-001-musea-Optie-cover-2-voorkeur-572x381.jpg 572w, https:\/\/supernils.be\/wp-content\/uploads\/2024\/09\/OK-001-musea-Optie-cover-2-voorkeur-272x182.jpg 272w, https:\/\/supernils.be\/wp-content\/uploads\/2024\/09\/OK-001-musea-Optie-cover-2-voorkeur.jpg 1620w\" sizes=\"(max-width: 800px) 100vw, 800px\" \/>\t\t\t\t\t\t\t\t\t\t\t\t\t\t\t<\/div>\n\t\t\t\t<\/div>\n\t\t\t\t<\/div>\n\t\t<div class=\"elementor-element elementor-element-47df53ad e-con-full e-flex e-con e-child\" data-id=\"47df53ad\" data-element_type=\"container\" data-e-type=\"container\" data-settings=\"{&quot;background_background&quot;:&quot;classic&quot;}\">\n\t\t\t\t<div class=\"elementor-element elementor-element-607faac elementor-invisible elementor-widget elementor-widget-heading\" data-id=\"607faac\" data-element_type=\"widget\" data-e-type=\"widget\" data-settings=\"{&quot;_animation&quot;:&quot;fadeInUp&quot;}\" data-widget_type=\"heading.default\">\n\t\t\t\t<div class=\"elementor-widget-container\">\n\t\t\t\t\t<p class=\"elementor-heading-title elementor-size-default\">Visite virtuelle d'un mus\u00e9e avec SuperNils<\/p>\t\t\t\t<\/div>\n\t\t\t\t<\/div>\n\t\t\t\t<div class=\"elementor-element elementor-element-d18d931 elementor-widget elementor-widget-button\" data-id=\"d18d931\" data-element_type=\"widget\" data-e-type=\"widget\" data-widget_type=\"button.default\">\n\t\t\t\t<div class=\"elementor-widget-container\">\n\t\t\t\t\t\t\t\t\t<div class=\"elementor-button-wrapper\">\n\t\t\t\t\t<a class=\"elementor-button elementor-button-link elementor-size-sm\" href=\"https:\/\/supernils.be\/fr\/feedback-pagina\/\">\n\t\t\t\t\t\t<span class=\"elementor-button-content-wrapper\">\n\t\t\t\t\t\t\t\t\t<span class=\"elementor-button-text\">Donner un retour d'information ?<\/span>\n\t\t\t\t\t<\/span>\n\t\t\t\t\t<\/a>\n\t\t\t\t<\/div>\n\t\t\t\t\t\t\t\t<\/div>\n\t\t\t\t<\/div>\n\t\t<div class=\"elementor-element elementor-element-53afbdaa e-con-full e-flex e-con e-child\" data-id=\"53afbdaa\" data-element_type=\"container\" data-e-type=\"container\">\n\t\t\t\t<div class=\"elementor-element elementor-element-2e33c1fa elementor-widget__width-initial elementor-widget-mobile__width-inherit elementor-widget elementor-widget-heading\" data-id=\"2e33c1fa\" data-element_type=\"widget\" data-e-type=\"widget\" data-widget_type=\"heading.default\">\n\t\t\t\t<div class=\"elementor-widget-container\">\n\t\t\t\t\t<p class=\"elementor-heading-title elementor-size-default\">en collaboration avec la ville de Gand et les mus\u00e9es de Gand<\/p>\t\t\t\t<\/div>\n\t\t\t\t<\/div>\n\t\t\t\t<\/div>\n\t\t\t\t<\/div>\n\t\t\t\t\t<\/div>\n\t\t\t\t<\/div>\n\t\t<div class=\"elementor-element elementor-element-dfcf31d e-con-full e-flex e-con e-parent\" data-id=\"dfcf31d\" data-element_type=\"container\" data-e-type=\"container\">\n\t\t\t\t<div class=\"elementor-element elementor-element-11d6215 elementor-widget elementor-widget-spacer\" data-id=\"11d6215\" data-element_type=\"widget\" data-e-type=\"widget\" data-widget_type=\"spacer.default\">\n\t\t\t\t<div class=\"elementor-widget-container\">\n\t\t\t\t\t\t\t<div class=\"elementor-spacer\">\n\t\t\t<div class=\"elementor-spacer-inner\"><\/div>\n\t\t<\/div>\n\t\t\t\t\t\t<\/div>\n\t\t\t\t<\/div>\n\t\t\t\t<div class=\"elementor-element elementor-element-3bac0de elementor-widget elementor-widget-text-editor\" data-id=\"3bac0de\" data-element_type=\"widget\" data-e-type=\"widget\" data-widget_type=\"text-editor.default\">\n\t\t\t\t<div class=\"elementor-widget-container\">\n\t\t\t\t\t\t\t\t\t<p>L'hospitalisation est souvent synonyme de solitude et d'ennui. Que faites-vous toute la journ\u00e9e au lit ? Que faites-vous lorsque vous n'avez que peu ou pas de visites ?<\/p><p>SuperNils peut vous aider \u00e0 cet \u00e9gard. Gr\u00e2ce au d\u00e9partement du tourisme de la\u00a0<strong>Ville de Gand<\/strong>\u00a0(Visite de Gand) et le\u00a0<strong>Mus\u00e9es de Gand<\/strong>\u00a0(STAM Gent, Huis van Alijn et Design Museum Gent), nous vous proposons une visite virtuelle de certaines expositions. Il vous suffit de cliquer sur le lien ci-dessous pour profiter des images, des extraits sonores et des textes informatifs qui les accompagnent. Profitez-en gratuitement et en toute s\u00e9curit\u00e9. Amusez-vous bien !<\/p>\t\t\t\t\t\t\t\t<\/div>\n\t\t\t\t<\/div>\n\t\t\t\t<\/div>\n\t\t<div class=\"elementor-element elementor-element-72fc634 e-flex e-con-boxed e-con e-parent\" data-id=\"72fc634\" data-element_type=\"container\" data-e-type=\"container\">\n\t\t\t\t\t<div class=\"e-con-inner\">\n\t\t\t\t<div class=\"elementor-element elementor-element-2b6331d elementor-widget elementor-widget-spacer\" data-id=\"2b6331d\" data-element_type=\"widget\" data-e-type=\"widget\" data-widget_type=\"spacer.default\">\n\t\t\t\t<div class=\"elementor-widget-container\">\n\t\t\t\t\t\t\t<div class=\"elementor-spacer\">\n\t\t\t<div class=\"elementor-spacer-inner\"><\/div>\n\t\t<\/div>\n\t\t\t\t\t\t<\/div>\n\t\t\t\t<\/div>\n\t\t\t\t\t<\/div>\n\t\t\t\t<\/div>\n\t\t<div class=\"elementor-element elementor-element-915558a e-con-full e-flex e-con e-parent\" data-id=\"915558a\" data-element_type=\"container\" data-e-type=\"container\" data-settings=\"{&quot;background_background&quot;:&quot;classic&quot;}\">\n\t\t<div class=\"elementor-element elementor-element-3b9cc1a e-con-full e-flex e-con e-child\" data-id=\"3b9cc1a\" data-element_type=\"container\" data-e-type=\"container\">\n\t\t\t\t<div class=\"elementor-element elementor-element-97d584f elementor-widget elementor-widget-image\" data-id=\"97d584f\" data-element_type=\"widget\" data-e-type=\"widget\" data-widget_type=\"image.default\">\n\t\t\t\t<div class=\"elementor-widget-container\">\n\t\t\t\t\t\t\t\t\t\t\t\t\t\t\t\t<a href=\"https:\/\/huisvanalijn.be\/nl\/virtuele-rondleiding-mijn-legerdienst\">\n\t\t\t\t\t\t\t<img decoding=\"async\" width=\"275\" height=\"183\" src=\"https:\/\/supernils.be\/wp-content\/uploads\/2024\/09\/OK-001-Alijn-download-2-1.jpg\" class=\"attachment-large size-large wp-image-15821\" alt=\"\" srcset=\"https:\/\/supernils.be\/wp-content\/uploads\/2024\/09\/OK-001-Alijn-download-2-1.jpg 275w, https:\/\/supernils.be\/wp-content\/uploads\/2024\/09\/OK-001-Alijn-download-2-1-18x12.jpg 18w, https:\/\/supernils.be\/wp-content\/uploads\/2024\/09\/OK-001-Alijn-download-2-1-272x182.jpg 272w\" sizes=\"(max-width: 275px) 100vw, 275px\" \/>\t\t\t\t\t\t\t\t<\/a>\n\t\t\t\t\t\t\t\t\t\t\t\t\t\t\t<\/div>\n\t\t\t\t<\/div>\n\t\t\t\t<\/div>\n\t\t<div class=\"elementor-element elementor-element-34b05f3 e-con-full e-flex e-con e-child\" data-id=\"34b05f3\" data-element_type=\"container\" data-e-type=\"container\">\n\t\t\t\t<div class=\"elementor-element elementor-element-acb1eba elementor-widget elementor-widget-text-editor\" data-id=\"acb1eba\" data-element_type=\"widget\" data-e-type=\"widget\" data-widget_type=\"text-editor.default\">\n\t\t\t\t<div class=\"elementor-widget-container\">\n\t\t\t\t\t\t\t\t\t<p>Les\u00a0<em>Maison d'Alijn<\/em>\u00a0collecte, recherche et partage des souvenirs sur les traditions, les rituels et les coutumes de notre vie quotidienne depuis le 20e si\u00e8cle.<\/p><p>Il en va de m\u00eame pour l'ancien \"service militaire\". L'exposition ludique et interactive est \u00e0 d\u00e9couvrir ici.<\/p>\t\t\t\t\t\t\t\t<\/div>\n\t\t\t\t<\/div>\n\t\t\t\t<\/div>\n\t\t\t\t<\/div>\n\t\t<div class=\"elementor-element elementor-element-854a7c9 e-flex e-con-boxed e-con e-parent\" data-id=\"854a7c9\" data-element_type=\"container\" data-e-type=\"container\">\n\t\t\t\t\t<div class=\"e-con-inner\">\n\t\t\t\t<div class=\"elementor-element elementor-element-b904b28 elementor-widget elementor-widget-spacer\" data-id=\"b904b28\" data-element_type=\"widget\" data-e-type=\"widget\" data-widget_type=\"spacer.default\">\n\t\t\t\t<div class=\"elementor-widget-container\">\n\t\t\t\t\t\t\t<div class=\"elementor-spacer\">\n\t\t\t<div class=\"elementor-spacer-inner\"><\/div>\n\t\t<\/div>\n\t\t\t\t\t\t<\/div>\n\t\t\t\t<\/div>\n\t\t\t\t\t<\/div>\n\t\t\t\t<\/div>\n\t\t<div class=\"elementor-element elementor-element-2158d83 e-con-full e-flex e-con e-parent\" data-id=\"2158d83\" data-element_type=\"container\" data-e-type=\"container\" data-settings=\"{&quot;background_background&quot;:&quot;classic&quot;}\">\n\t\t<div class=\"elementor-element elementor-element-1da3890 e-con-full e-flex e-con e-child\" data-id=\"1da3890\" data-element_type=\"container\" data-e-type=\"container\">\n\t\t\t\t<div class=\"elementor-element elementor-element-e65cefb elementor-widget elementor-widget-image\" data-id=\"e65cefb\" data-element_type=\"widget\" data-e-type=\"widget\" data-widget_type=\"image.default\">\n\t\t\t\t<div class=\"elementor-widget-container\">\n\t\t\t\t\t\t\t\t\t\t\t\t\t\t\t\t<a href=\"https:\/\/www.designmuseumgent.be\/nieuws\/2021\/home-stories-curator-tour\">\n\t\t\t\t\t\t\t<img decoding=\"async\" width=\"310\" height=\"163\" src=\"https:\/\/supernils.be\/wp-content\/uploads\/2024\/09\/OK-001-design-download-3-1.jpg\" class=\"attachment-large size-large wp-image-15858\" alt=\"\" srcset=\"https:\/\/supernils.be\/wp-content\/uploads\/2024\/09\/OK-001-design-download-3-1.jpg 310w, https:\/\/supernils.be\/wp-content\/uploads\/2024\/09\/OK-001-design-download-3-1-300x158.jpg 300w, https:\/\/supernils.be\/wp-content\/uploads\/2024\/09\/OK-001-design-download-3-1-18x9.jpg 18w, https:\/\/supernils.be\/wp-content\/uploads\/2024\/09\/OK-001-design-download-3-1-299x157.jpg 299w\" sizes=\"(max-width: 310px) 100vw, 310px\" \/>\t\t\t\t\t\t\t\t<\/a>\n\t\t\t\t\t\t\t\t\t\t\t\t\t\t\t<\/div>\n\t\t\t\t<\/div>\n\t\t\t\t<\/div>\n\t\t<div class=\"elementor-element elementor-element-b5228b1 e-con-full e-flex e-con e-child\" data-id=\"b5228b1\" data-element_type=\"container\" data-e-type=\"container\">\n\t\t\t\t<div class=\"elementor-element elementor-element-06b8f7b elementor-widget elementor-widget-text-editor\" data-id=\"06b8f7b\" data-element_type=\"widget\" data-e-type=\"widget\" data-widget_type=\"text-editor.default\">\n\t\t\t\t<div class=\"elementor-widget-container\">\n\t\t\t\t\t\t\t\t\t<p><em>Mus\u00e9e du design de Gand<\/em>\u00a0vous fait prendre conscience de l'impact consid\u00e9rable du design sur votre vie quotidienne. Des chefs-d'\u0153uvre de Van de Velde \u00e0 nos jours.<\/p><p>Le mus\u00e9e est actuellement ferm\u00e9 pour cause de r\u00e9novation et d'agrandissement, mais vous pouvez consulter des visites guid\u00e9es int\u00e9ressantes ici.<\/p>\t\t\t\t\t\t\t\t<\/div>\n\t\t\t\t<\/div>\n\t\t\t\t<\/div>\n\t\t\t\t<\/div>\n\t\t<div class=\"elementor-element elementor-element-4d57a1d e-flex e-con-boxed e-con e-parent\" data-id=\"4d57a1d\" data-element_type=\"container\" data-e-type=\"container\">\n\t\t\t\t\t<div class=\"e-con-inner\">\n\t\t\t\t<div class=\"elementor-element elementor-element-cd3b13e elementor-widget elementor-widget-spacer\" data-id=\"cd3b13e\" data-element_type=\"widget\" data-e-type=\"widget\" data-widget_type=\"spacer.default\">\n\t\t\t\t<div class=\"elementor-widget-container\">\n\t\t\t\t\t\t\t<div class=\"elementor-spacer\">\n\t\t\t<div class=\"elementor-spacer-inner\"><\/div>\n\t\t<\/div>\n\t\t\t\t\t\t<\/div>\n\t\t\t\t<\/div>\n\t\t\t\t\t<\/div>\n\t\t\t\t<\/div>\n\t\t<div class=\"elementor-element elementor-element-3a64377 e-con-full e-flex e-con e-parent\" data-id=\"3a64377\" data-element_type=\"container\" data-e-type=\"container\" data-settings=\"{&quot;background_background&quot;:&quot;classic&quot;}\">\n\t\t<div class=\"elementor-element elementor-element-2cdc65b e-con-full e-flex e-con e-child\" data-id=\"2cdc65b\" data-element_type=\"container\" data-e-type=\"container\">\n\t\t\t\t<div class=\"elementor-element elementor-element-8dfc895 elementor-widget elementor-widget-image\" data-id=\"8dfc895\" data-element_type=\"widget\" data-e-type=\"widget\" data-widget_type=\"image.default\">\n\t\t\t\t<div class=\"elementor-widget-container\">\n\t\t\t\t\t\t\t\t\t\t\t\t\t\t\t<img loading=\"lazy\" decoding=\"async\" width=\"251\" height=\"201\" src=\"https:\/\/supernils.be\/wp-content\/uploads\/2024\/09\/OK-001-Stam-download-4-1.jpg\" class=\"attachment-medium_large size-medium_large wp-image-15944\" alt=\"\" srcset=\"https:\/\/supernils.be\/wp-content\/uploads\/2024\/09\/OK-001-Stam-download-4-1.jpg 251w, https:\/\/supernils.be\/wp-content\/uploads\/2024\/09\/OK-001-Stam-download-4-1-15x12.jpg 15w\" sizes=\"(max-width: 251px) 100vw, 251px\" \/>\t\t\t\t\t\t\t\t\t\t\t\t\t\t\t<\/div>\n\t\t\t\t<\/div>\n\t\t\t\t<\/div>\n\t\t<div class=\"elementor-element elementor-element-e0178fe e-con-full e-flex e-con e-child\" data-id=\"e0178fe\" data-element_type=\"container\" data-e-type=\"container\">\n\t\t\t\t<div class=\"elementor-element elementor-element-f8c5f26 elementor-widget elementor-widget-text-editor\" data-id=\"f8c5f26\" data-element_type=\"widget\" data-e-type=\"widget\" data-widget_type=\"text-editor.default\">\n\t\t\t\t<div class=\"elementor-widget-container\">\n\t\t\t\t\t\t\t\t\t<p>STAM est le mus\u00e9e de la ville de Gand qui, depuis octobre 2010, raconte l'histoire de Gand sur le site de la Bijloke et vous donne (encore) plus chaud pour la ville. Vous y d\u00e9couvrirez les multiples facettes de Gand, une ville contemporaine \u00e0 l'histoire s\u00e9culaire.<\/p><p>Mission du Mus\u00e9e de la Ville : en tant que mus\u00e9e, le STAM explore ce qui fait de Gand un Gand, et de la ville une ville. Il relie les gens d'aujourd'hui \u00e0 l'histoire et se tourne vers l'avenir de la ville. Le STAM fait des habitants, des utilisateurs et des visiteurs des parties prenantes et s'engage g\u00e9n\u00e9reusement dans des partenariats.<\/p><p>Le mus\u00e9e nous a propos\u00e9 des liens vers des expositions num\u00e9riques d\u00e9j\u00e0 existantes. On peut y faire d\u00e9filer une merveilleuse collection d'objets de collection, de gravures, de photos et d'informations \u00e9crites. Cela vaut vraiment la peine et il y a beaucoup de choix ! Il y en a pour tous les go\u00fbts. Nous vous recommandons vivement les expositions suivantes : \"Pi\u00e8ces de straffe de la Tribu\" et \"Gand, ville occup\u00e9e\". <strong>Faites votre choix ci-dessous !<\/strong><\/p>\t\t\t\t\t\t\t\t<\/div>\n\t\t\t\t<\/div>\n\t\t\t\t<\/div>\n\t\t\t\t<\/div>\n\t\t<div class=\"elementor-element elementor-element-5fe9b21 e-con-full e-flex e-con e-parent\" data-id=\"5fe9b21\" data-element_type=\"container\" data-e-type=\"container\">\n\t\t<div class=\"elementor-element elementor-element-2449835 e-con-full e-flex e-con e-child\" data-id=\"2449835\" data-element_type=\"container\" data-e-type=\"container\">\n\t\t\t\t<div class=\"elementor-element elementor-element-7e71798 elementor-widget elementor-widget-heading\" data-id=\"7e71798\" data-element_type=\"widget\" data-e-type=\"widget\" data-widget_type=\"heading.default\">\n\t\t\t\t<div class=\"elementor-widget-container\">\n\t\t\t\t\t<h2 class=\"elementor-heading-title elementor-size-default\"><a href=\"https:\/\/stamgent.be\/nl_be\/digi-expos\/straffe-stukken-uit-het-stam\">Morceaux punitifs de STAM<\/a><\/h2>\t\t\t\t<\/div>\n\t\t\t\t<\/div>\n\t\t\t\t<\/div>\n\t\t<div class=\"elementor-element elementor-element-b9c5b38 e-con-full e-flex e-con e-child\" data-id=\"b9c5b38\" data-element_type=\"container\" data-e-type=\"container\">\n\t\t\t\t<div class=\"elementor-element elementor-element-9dcb757 elementor-widget elementor-widget-heading\" data-id=\"9dcb757\" data-element_type=\"widget\" data-e-type=\"widget\" data-widget_type=\"heading.default\">\n\t\t\t\t<div class=\"elementor-widget-container\">\n\t\t\t\t\t<h2 class=\"elementor-heading-title elementor-size-default\"><a href=\"https:\/\/stamgent.be\/nl_be\/digi-expos\/edmond-sacre\">Edmond Sacr\u00e9\nPortrait d'une ville<\/a><\/h2>\t\t\t\t<\/div>\n\t\t\t\t<\/div>\n\t\t\t\t<\/div>\n\t\t<div class=\"elementor-element elementor-element-6e92abe e-con-full e-flex e-con e-child\" data-id=\"6e92abe\" data-element_type=\"container\" data-e-type=\"container\">\n\t\t\t\t<div class=\"elementor-element elementor-element-7a21a1c elementor-widget elementor-widget-image\" data-id=\"7a21a1c\" data-element_type=\"widget\" data-e-type=\"widget\" data-widget_type=\"image.default\">\n\t\t\t\t<div class=\"elementor-widget-container\">\n\t\t\t\t\t\t\t\t\t\t\t\t<figure class=\"wp-caption\">\n\t\t\t\t\t\t\t\t\t\t\t<a href=\"https:\/\/stamgent.be\/nl_be\/digi-expos\/van-punt-naar-punt-het-verhaal-van-gent\">\n\t\t\t\t\t\t\t<img loading=\"lazy\" decoding=\"async\" width=\"150\" height=\"150\" src=\"https:\/\/supernils.be\/wp-content\/uploads\/2024\/09\/OK-001-verhaal-Gent-https___stamgent.be_volumes_general_digital-expo_puntnaarpunt_3-de-zoon-die-zijn-vader-onthoofdt.f1629378601-150x150-1.png\" class=\"attachment-thumbnail size-thumbnail wp-image-15960\" alt=\"\" srcset=\"https:\/\/supernils.be\/wp-content\/uploads\/2024\/09\/OK-001-verhaal-Gent-https___stamgent.be_volumes_general_digital-expo_puntnaarpunt_3-de-zoon-die-zijn-vader-onthoofdt.f1629378601-150x150-1.png 150w, https:\/\/supernils.be\/wp-content\/uploads\/2024\/09\/OK-001-verhaal-Gent-https___stamgent.be_volumes_general_digital-expo_puntnaarpunt_3-de-zoon-die-zijn-vader-onthoofdt.f1629378601-150x150-1-12x12.png 12w, https:\/\/supernils.be\/wp-content\/uploads\/2024\/09\/OK-001-verhaal-Gent-https___stamgent.be_volumes_general_digital-expo_puntnaarpunt_3-de-zoon-die-zijn-vader-onthoofdt.f1629378601-150x150-1-100x100.png 100w\" sizes=\"(max-width: 150px) 100vw, 150px\" \/>\t\t\t\t\t\t\t\t<\/a>\n\t\t\t\t\t\t\t\t\t\t\t<figcaption class=\"widget-image-caption wp-caption-text\">Histoire de Gand<\/figcaption>\n\t\t\t\t\t\t\t\t\t\t<\/figure>\n\t\t\t\t\t\t\t\t\t<\/div>\n\t\t\t\t<\/div>\n\t\t\t\t<\/div>\n\t\t<div class=\"elementor-element elementor-element-b841b8d e-con-full e-flex e-con e-child\" data-id=\"b841b8d\" data-element_type=\"container\" data-e-type=\"container\">\n\t\t\t\t<div class=\"elementor-element elementor-element-0c071e5 elementor-widget elementor-widget-heading\" data-id=\"0c071e5\" data-element_type=\"widget\" data-e-type=\"widget\" data-widget_type=\"heading.default\">\n\t\t\t\t<div class=\"elementor-widget-container\">\n\t\t\t\t\t<h2 class=\"elementor-heading-title elementor-size-default\"><a href=\"https:\/\/stamgent.be\/nl_be\/digi-expos\/de-vierkante-kilometer\">Le kilom\u00e8tre carr\u00e9<\/a><\/h2>\t\t\t\t<\/div>\n\t\t\t\t<\/div>\n\t\t\t\t<\/div>\n\t\t<div class=\"elementor-element elementor-element-fe540e5 e-con-full e-flex e-con e-child\" data-id=\"fe540e5\" data-element_type=\"container\" data-e-type=\"container\">\n\t\t\t\t<div class=\"elementor-element elementor-element-7b536c7 elementor-widget elementor-widget-image\" data-id=\"7b536c7\" data-element_type=\"widget\" data-e-type=\"widget\" data-widget_type=\"image.default\">\n\t\t\t\t<div class=\"elementor-widget-container\">\n\t\t\t\t\t\t\t\t\t\t\t\t<figure class=\"wp-caption\">\n\t\t\t\t\t\t\t\t\t\t\t<a href=\"https:\/\/stamgent.be\/nl_be\/digi-expos\/46-gentse-parochiekerken\">\n\t\t\t\t\t\t\t<img loading=\"lazy\" decoding=\"async\" width=\"150\" height=\"150\" src=\"https:\/\/supernils.be\/wp-content\/uploads\/2024\/09\/OK-001-kerken-Gent-https___stamgent.be_volumes_general_digital-expo_kerken_OLV-Mariakerke-4556-58_1-300x300-1-150x150.png\" class=\"attachment-thumbnail size-thumbnail wp-image-15883\" alt=\"\" srcset=\"https:\/\/supernils.be\/wp-content\/uploads\/2024\/09\/OK-001-kerken-Gent-https___stamgent.be_volumes_general_digital-expo_kerken_OLV-Mariakerke-4556-58_1-300x300-1-150x150.png 150w, https:\/\/supernils.be\/wp-content\/uploads\/2024\/09\/OK-001-kerken-Gent-https___stamgent.be_volumes_general_digital-expo_kerken_OLV-Mariakerke-4556-58_1-300x300-1-12x12.png 12w, https:\/\/supernils.be\/wp-content\/uploads\/2024\/09\/OK-001-kerken-Gent-https___stamgent.be_volumes_general_digital-expo_kerken_OLV-Mariakerke-4556-58_1-300x300-1-100x100.png 100w, https:\/\/supernils.be\/wp-content\/uploads\/2024\/09\/OK-001-kerken-Gent-https___stamgent.be_volumes_general_digital-expo_kerken_OLV-Mariakerke-4556-58_1-300x300-1.png 300w\" sizes=\"(max-width: 150px) 100vw, 150px\" \/>\t\t\t\t\t\t\t\t<\/a>\n\t\t\t\t\t\t\t\t\t\t\t<figcaption class=\"widget-image-caption wp-caption-text\">46 \u00e9glises paroissiales gantoises<\/figcaption>\n\t\t\t\t\t\t\t\t\t\t<\/figure>\n\t\t\t\t\t\t\t\t\t<\/div>\n\t\t\t\t<\/div>\n\t\t\t\t<\/div>\n\t\t<div class=\"elementor-element elementor-element-a095c7c e-con-full e-flex e-con e-child\" data-id=\"a095c7c\" data-element_type=\"container\" data-e-type=\"container\">\n\t\t\t\t<div class=\"elementor-element elementor-element-df4a333 elementor-widget elementor-widget-heading\" data-id=\"df4a333\" data-element_type=\"widget\" data-e-type=\"widget\" data-widget_type=\"heading.default\">\n\t\t\t\t<div class=\"elementor-widget-container\">\n\t\t\t\t\t<h2 class=\"elementor-heading-title elementor-size-default\"><a href=\"https:\/\/stamgent.be\/nl_be\/digi-expos\/gent-bezette-stad\">Gand, ville occup\u00e9e<\/a><\/h2>\t\t\t\t<\/div>\n\t\t\t\t<\/div>\n\t\t\t\t<\/div>\n\t\t\t\t<\/div>\n\t\t<div class=\"elementor-element elementor-element-ff90cf4 e-con-full e-flex e-con e-parent\" data-id=\"ff90cf4\" data-element_type=\"container\" data-e-type=\"container\">\n\t\t<div class=\"elementor-element elementor-element-986d098 e-con-full e-flex e-con e-child\" data-id=\"986d098\" data-element_type=\"container\" data-e-type=\"container\">\n\t\t\t\t<div class=\"elementor-element elementor-element-d7c456e elementor-widget elementor-widget-heading\" data-id=\"d7c456e\" data-element_type=\"widget\" data-e-type=\"widget\" data-widget_type=\"heading.default\">\n\t\t\t\t<div class=\"elementor-widget-container\">\n\t\t\t\t\t<h2 class=\"elementor-heading-title elementor-size-default\"><a href=\"https:\/\/stamgent.be\/nl_be\/digi-expos\/wereldtentoonstelling-gent-1913\">Exposition universelle de Gand 1913<\/a><\/h2>\t\t\t\t<\/div>\n\t\t\t\t<\/div>\n\t\t\t\t<\/div>\n\t\t<div class=\"elementor-element elementor-element-721e562 e-con-full e-flex e-con e-child\" data-id=\"721e562\" data-element_type=\"container\" data-e-type=\"container\">\n\t\t\t\t<div class=\"elementor-element elementor-element-ce56745 elementor-widget elementor-widget-heading\" data-id=\"ce56745\" data-element_type=\"widget\" data-e-type=\"widget\" data-widget_type=\"heading.default\">\n\t\t\t\t<div class=\"elementor-widget-container\">\n\t\t\t\t\t<h2 class=\"elementor-heading-title elementor-size-default\"><a href=\"https:\/\/stamgent.be\/nl_be\/digi-expos\/carl-de-keyzer-in-het-stam\">Carl de Keyzer<\/a><\/h2>\t\t\t\t<\/div>\n\t\t\t\t<\/div>\n\t\t\t\t<\/div>\n\t\t<div class=\"elementor-element elementor-element-09dc8dc e-con-full e-flex e-con e-child\" data-id=\"09dc8dc\" data-element_type=\"container\" data-e-type=\"container\">\n\t\t\t\t<div class=\"elementor-element elementor-element-0a4a85b elementor-widget elementor-widget-image\" data-id=\"0a4a85b\" data-element_type=\"widget\" data-e-type=\"widget\" data-widget_type=\"image.default\">\n\t\t\t\t<div class=\"elementor-widget-container\">\n\t\t\t\t\t\t\t\t\t\t\t\t<figure class=\"wp-caption\">\n\t\t\t\t\t\t\t\t\t\t\t<a href=\"https:\/\/stamgent.be\/nl_be\/digi-expos\/sleutelmomenten-stedenbouw\">\n\t\t\t\t\t\t\t<img loading=\"lazy\" decoding=\"async\" width=\"150\" height=\"150\" src=\"https:\/\/supernils.be\/wp-content\/uploads\/2024\/09\/OK-001-Stedenbouw-Gent-https___stamgent.be_volumes_general_digital-expo_sleutelmomenten-stedenbouw_1948-150x150-1.png\" class=\"attachment-thumbnail size-thumbnail wp-image-15945\" alt=\"\" srcset=\"https:\/\/supernils.be\/wp-content\/uploads\/2024\/09\/OK-001-Stedenbouw-Gent-https___stamgent.be_volumes_general_digital-expo_sleutelmomenten-stedenbouw_1948-150x150-1.png 150w, https:\/\/supernils.be\/wp-content\/uploads\/2024\/09\/OK-001-Stedenbouw-Gent-https___stamgent.be_volumes_general_digital-expo_sleutelmomenten-stedenbouw_1948-150x150-1-12x12.png 12w, https:\/\/supernils.be\/wp-content\/uploads\/2024\/09\/OK-001-Stedenbouw-Gent-https___stamgent.be_volumes_general_digital-expo_sleutelmomenten-stedenbouw_1948-150x150-1-100x100.png 100w\" sizes=\"(max-width: 150px) 100vw, 150px\" \/>\t\t\t\t\t\t\t\t<\/a>\n\t\t\t\t\t\t\t\t\t\t\t<figcaption class=\"widget-image-caption wp-caption-text\">Moments cl\u00e9s de l'urbanisme Gand<\/figcaption>\n\t\t\t\t\t\t\t\t\t\t<\/figure>\n\t\t\t\t\t\t\t\t\t<\/div>\n\t\t\t\t<\/div>\n\t\t\t\t<\/div>\n\t\t<div class=\"elementor-element elementor-element-6ffbb02 e-con-full e-flex e-con e-child\" data-id=\"6ffbb02\" data-element_type=\"container\" data-e-type=\"container\">\n\t\t\t\t<div class=\"elementor-element elementor-element-23792d2 elementor-widget elementor-widget-image\" data-id=\"23792d2\" data-element_type=\"widget\" data-e-type=\"widget\" data-widget_type=\"image.default\">\n\t\t\t\t<div class=\"elementor-widget-container\">\n\t\t\t\t\t\t\t\t\t\t\t\t<figure class=\"wp-caption\">\n\t\t\t\t\t\t\t\t\t\t\t<a href=\"https:\/\/stamgent.be\/nl_be\/digi-expos\/salongesprekken-stad-van-morgen\">\n\t\t\t\t\t\t\t<img loading=\"lazy\" decoding=\"async\" width=\"150\" height=\"150\" src=\"https:\/\/supernils.be\/wp-content\/uploads\/2024\/09\/OK-001-salongesprekken-https___stamgent.be_volumes_general_digital-expo_salongesprekken-stad-van-morgen_900glimpse-150x150-1.png\" class=\"attachment-thumbnail size-thumbnail wp-image-15939\" alt=\"\" srcset=\"https:\/\/supernils.be\/wp-content\/uploads\/2024\/09\/OK-001-salongesprekken-https___stamgent.be_volumes_general_digital-expo_salongesprekken-stad-van-morgen_900glimpse-150x150-1.png 150w, https:\/\/supernils.be\/wp-content\/uploads\/2024\/09\/OK-001-salongesprekken-https___stamgent.be_volumes_general_digital-expo_salongesprekken-stad-van-morgen_900glimpse-150x150-1-12x12.png 12w, https:\/\/supernils.be\/wp-content\/uploads\/2024\/09\/OK-001-salongesprekken-https___stamgent.be_volumes_general_digital-expo_salongesprekken-stad-van-morgen_900glimpse-150x150-1-100x100.png 100w\" sizes=\"(max-width: 150px) 100vw, 150px\" \/>\t\t\t\t\t\t\t\t<\/a>\n\t\t\t\t\t\t\t\t\t\t\t<figcaption class=\"widget-image-caption wp-caption-text\">La ville de demain - les entretiens du salon<\/figcaption>\n\t\t\t\t\t\t\t\t\t\t<\/figure>\n\t\t\t\t\t\t\t\t\t<\/div>\n\t\t\t\t<\/div>\n\t\t\t\t<\/div>\n\t\t<div class=\"elementor-element elementor-element-4ddfb05 e-con-full e-flex e-con e-child\" data-id=\"4ddfb05\" data-element_type=\"container\" data-e-type=\"container\">\n\t\t\t\t<div class=\"elementor-element elementor-element-2592f80 elementor-widget elementor-widget-heading\" data-id=\"2592f80\" data-element_type=\"widget\" data-e-type=\"widget\" data-widget_type=\"heading.default\">\n\t\t\t\t<div class=\"elementor-widget-container\">\n\t\t\t\t\t<h2 class=\"elementor-heading-title elementor-size-default\"><a href=\"https:\/\/stamgent.be\/nl_be\/digi-expos\/willem-i\">Guillaume Ier et la Belgique<\/a><\/h2>\t\t\t\t<\/div>\n\t\t\t\t<\/div>\n\t\t\t\t<\/div>\n\t\t<div class=\"elementor-element elementor-element-0c10d05 e-con-full e-flex e-con e-child\" data-id=\"0c10d05\" data-element_type=\"container\" data-e-type=\"container\">\n\t\t\t\t<div class=\"elementor-element elementor-element-01e7a5d elementor-widget elementor-widget-heading\" data-id=\"01e7a5d\" data-element_type=\"widget\" data-e-type=\"widget\" data-widget_type=\"heading.default\">\n\t\t\t\t<div class=\"elementor-widget-container\">\n\t\t\t\t\t<h2 class=\"elementor-heading-title elementor-size-default\"><a href=\"https:\/\/stamgent.be\/nl_be\/digi-expos\/18in18\">18 en 18\nIsabel Pousset<\/a><\/h2>\t\t\t\t<\/div>\n\t\t\t\t<\/div>\n\t\t\t\t<\/div>\n\t\t\t\t<\/div>\n\t\t<div class=\"elementor-element elementor-element-45637ae e-flex e-con-boxed e-con e-parent\" data-id=\"45637ae\" data-element_type=\"container\" data-e-type=\"container\">\n\t\t\t\t\t<div class=\"e-con-inner\">\n\t\t\t\t<div class=\"elementor-element elementor-element-ed8073a elementor-widget elementor-widget-spacer\" data-id=\"ed8073a\" data-element_type=\"widget\" data-e-type=\"widget\" data-widget_type=\"spacer.default\">\n\t\t\t\t<div class=\"elementor-widget-container\">\n\t\t\t\t\t\t\t<div class=\"elementor-spacer\">\n\t\t\t<div class=\"elementor-spacer-inner\"><\/div>\n\t\t<\/div>\n\t\t\t\t\t\t<\/div>\n\t\t\t\t<\/div>\n\t\t\t\t\t<\/div>\n\t\t\t\t<\/div>\n\t\t\t\t<\/div>","protected":false},"excerpt":{"rendered":"<p>Op virtueel museumbezoek met SuperNils Feedback geven? in samenwerking met stad Gent en de Gentse musea In het ziekenhuis verblijven, brengt vaak eenzaamheid en verveling met zich mee. Wat doe je een ganse dag in bed? Wat doe je als je weinig of geen bezoek mag ontvangen? SuperNils kan jullie hierbij ondersteunen. Dankzij de toeristische [&hellip;]<\/p>\n","protected":false},"author":2,"featured_media":0,"comment_status":"closed","ping_status":"closed","sticky":false,"template":"","format":"standard","meta":{"_themeisle_gutenberg_block_has_review":false,"footnotes":""},"categories":[1],"tags":[],"class_list":["post-10325","post","type-post","status-publish","format-standard","hentry","category-uncategorized"],"_links":{"self":[{"href":"https:\/\/supernils.be\/fr\/wp-json\/wp\/v2\/posts\/10325","targetHints":{"allow":["GET"]}}],"collection":[{"href":"https:\/\/supernils.be\/fr\/wp-json\/wp\/v2\/posts"}],"about":[{"href":"https:\/\/supernils.be\/fr\/wp-json\/wp\/v2\/types\/post"}],"author":[{"embeddable":true,"href":"https:\/\/supernils.be\/fr\/wp-json\/wp\/v2\/users\/2"}],"replies":[{"embeddable":true,"href":"https:\/\/supernils.be\/fr\/wp-json\/wp\/v2\/comments?post=10325"}],"version-history":[{"count":91,"href":"https:\/\/supernils.be\/fr\/wp-json\/wp\/v2\/posts\/10325\/revisions"}],"predecessor-version":[{"id":20856,"href":"https:\/\/supernils.be\/fr\/wp-json\/wp\/v2\/posts\/10325\/revisions\/20856"}],"wp:attachment":[{"href":"https:\/\/supernils.be\/fr\/wp-json\/wp\/v2\/media?parent=10325"}],"wp:term":[{"taxonomy":"category","embeddable":true,"href":"https:\/\/supernils.be\/fr\/wp-json\/wp\/v2\/categories?post=10325"},{"taxonomy":"post_tag","embeddable":true,"href":"https:\/\/supernils.be\/fr\/wp-json\/wp\/v2\/tags?post=10325"}],"curies":[{"name":"wp","href":"https:\/\/api.w.org\/{rel}","templated":true}]}}